{"id":984,"date":"2018-02-15T14:04:52","date_gmt":"2018-02-15T13:04:52","guid":{"rendered":"http:\/\/www.cinemasereno.it\/?p=984"},"modified":"2018-02-15T14:04:52","modified_gmt":"2018-02-15T13:04:52","slug":"cest-la-vie-prendila-come-viene","status":"publish","type":"post","link":"https:\/\/www.cinemasereno.it\/?p=984","title":{"rendered":"C&#8217;EST LA VIE &#8211; Prendila come viene"},"content":{"rendered":"<p><strong>Sabato\u00a024\u00a0 Domenica\u00a025 Luned\u00ec\u00a026\u00a0Febbraio\u00a0 ore 20:50<\/p>\n<p><\/strong><strong>C&#8217;EST LA VIE &#8211; Prendila come viene<br \/>\n<\/strong><strong>di\u00a0ERIC TOLEDANO, OLIVIER NAKACHE<\/strong><br \/>\ncon\u00a0Jean-Pierre Bacri,\u00a0 \u00a0Jean-Paul\u00a0 Rauve, Gilles Lellouche, Vincent Macaigne<br \/>\nFrancia\u00a02017 &#8211;\u00a0Genere: Commedia, 117&#8242; minuti<\/p>\n<p>Interi 6\u20ac &#8211; SOCICOOP, SPICGIL 5\u20ac &#8211; Videoamici 4\u20ac &#8211;\u00a0\u00a0\u00a0\u00a0\u00a0\u00a0\u00a0\u00a0\u00a0\u00a0\u00a0\u00a0\u00a0\u00a0\u00a0\u00a0\u00a0\u00a0\u00a0\u00a0\u00a0\u00a0\u00a0\u00a0\u00a0\u00a0\u00a0\u00a0\u00a0\u00a0\u00a0\u00a0\u00a0\u00a0\u00a0\u00a0\u00a0\u00a0\u00a0\u00a0\u00a0\u00a0\u00a0\u00a0\u00a0\u00a0\u00a0\u00a0\u00a0 <strong>Ridotti BAMBINI E RAGAZZI FINO A 17 ANNI\u00a0 <\/strong><strong>2 \u20ac<\/p>\n<p><\/strong>Consigli per la visione di bambini e ragazzi:<span class=\"link_tipo_menu link-bianco\"> + 13<\/span><\/p>\n<p>Max \u00e8 un wedding planner navigato e logorato alla vigilia di un matrimonio e di una consegna. L&#8217;ultima corv\u00e9e \u00e8 un ricevimento di nozze nel giardino di un castello del XVII secolo con sposa vaga, sposo pretenzioso, commensali borghesi e un&#8217;\u00e9quipe fedele quanto incompetente. Julien, valletto melanconico innamorato del &#8216;bel parlare&#8217;, James, animatore d\u00e9mod\u00e9, Guy, fotografo scroccone, Josiane, amante (im)paziente di Max, Ad\u00e8le, delfina irascibile di Max, Samy, cameriere clandestino, sono alcuni dei membri di una brigata multietnica occupata a rendere indimenticabile il giorno pi\u00f9 bello di Pierre ed H\u00e9l\u00e9na. Niente ovviamente a ndr\u00e0 come previsto e quelli che dovevano sorvegliare la riuscita dell&#8217;evento finiranno loro malgrado per boicottarlo.<\/p>\n<p><iframe loading=\"lazy\" title=\"C&#039;EST LA VIE - PRENDILA COME VIENE | TRAILER UFFICIALE HD\" width=\"790\" height=\"444\" src=\"https:\/\/www.youtube.com\/embed\/zyUG3fpzio0?feature=oembed\" frameborder=\"0\" allow=\"accelerometer; autoplay; clipboard-write; encrypted-media; gyroscope; picture-in-picture; web-share\" allowfullscreen><\/iframe><\/p>\n","protected":false},"excerpt":{"rendered":"<p>Sabato\u00a024\u00a0 Domenica\u00a025 Luned\u00ec\u00a026\u00a0Febbraio\u00a0 ore 20:50 [&hellip;]<\/p>\n","protected":false},"author":1,"featured_media":985,"comment_status":"closed","ping_status":"closed","sticky":false,"template":"","format":"image","meta":{"footnotes":""},"categories":[3],"tags":[],"_links":{"self":[{"href":"https:\/\/www.cinemasereno.it\/index.php?rest_route=\/wp\/v2\/posts\/984"}],"collection":[{"href":"https:\/\/www.cinemasereno.it\/index.php?rest_route=\/wp\/v2\/posts"}],"about":[{"href":"https:\/\/www.cinemasereno.it\/index.php?rest_route=\/wp\/v2\/types\/post"}],"author":[{"embeddable":true,"href":"https:\/\/www.cinemasereno.it\/index.php?rest_route=\/wp\/v2\/users\/1"}],"replies":[{"embeddable":true,"href":"https:\/\/www.cinemasereno.it\/index.php?rest_route=%2Fwp%2Fv2%2Fcomments&post=984"}],"version-history":[{"count":1,"href":"https:\/\/www.cinemasereno.it\/index.php?rest_route=\/wp\/v2\/posts\/984\/revisions"}],"predecessor-version":[{"id":986,"href":"https:\/\/www.cinemasereno.it\/index.php?rest_route=\/wp\/v2\/posts\/984\/revisions\/986"}],"wp:featuredmedia":[{"embeddable":true,"href":"https:\/\/www.cinemasereno.it\/index.php?rest_route=\/wp\/v2\/media\/985"}],"wp:attachment":[{"href":"https:\/\/www.cinemasereno.it\/index.php?rest_route=%2Fwp%2Fv2%2Fmedia&parent=984"}],"wp:term":[{"taxonomy":"category","embeddable":true,"href":"https:\/\/www.cinemasereno.it\/index.php?rest_route=%2Fwp%2Fv2%2Fcategories&post=984"},{"taxonomy":"post_tag","embeddable":true,"href":"https:\/\/www.cinemasereno.it\/index.php?rest_route=%2Fwp%2Fv2%2Ftags&post=984"}],"curies":[{"name":"wp","href":"https:\/\/api.w.org\/{rel}","templated":true}]}}