{"id":823,"date":"2017-10-09T18:36:56","date_gmt":"2017-10-09T16:36:56","guid":{"rendered":"http:\/\/www.cinemasereno.it\/?p=823"},"modified":"2017-10-23T18:42:13","modified_gmt":"2017-10-23T16:42:13","slug":"la-proprieta-non-e-piu-un-furto","status":"publish","type":"post","link":"https:\/\/www.cinemasereno.it\/?p=823","title":{"rendered":"La propriet\u00e0 non \u00e8 pi\u00f9 un furto"},"content":{"rendered":"<p><strong>Mercoled\u00ec 18<\/strong><strong> Ottobre<br \/>\nore 20:50<br \/>\n<\/strong>Ingresso libero<\/p>\n<p>Rassegna cinematografica<br \/>\n<strong>Elio Petri \u2014 Un regista al di sopra di ogni sospetto<\/strong><strong><br \/>\n<\/strong><\/p>\n<p>di <span class=\"st\">Elio Petri<\/span><br \/>\nconUgo Tognazzi, Flavio Bucci, Daria Nicolodi<br \/>\nItalia, 1973 &#8211; 126 minuti<\/p>\n","protected":false},"excerpt":{"rendered":"<p>Mercoled\u00ec 18 Ottobre ore 20:50 [&hellip;]<\/p>\n","protected":false},"author":1,"featured_media":824,"comment_status":"closed","ping_status":"closed","sticky":false,"template":"","format":"image","meta":{"footnotes":""},"categories":[3],"tags":[],"_links":{"self":[{"href":"https:\/\/www.cinemasereno.it\/index.php?rest_route=\/wp\/v2\/posts\/823"}],"collection":[{"href":"https:\/\/www.cinemasereno.it\/index.php?rest_route=\/wp\/v2\/posts"}],"about":[{"href":"https:\/\/www.cinemasereno.it\/index.php?rest_route=\/wp\/v2\/types\/post"}],"author":[{"embeddable":true,"href":"https:\/\/www.cinemasereno.it\/index.php?rest_route=\/wp\/v2\/users\/1"}],"replies":[{"embeddable":true,"href":"https:\/\/www.cinemasereno.it\/index.php?rest_route=%2Fwp%2Fv2%2Fcomments&post=823"}],"version-history":[{"count":1,"href":"https:\/\/www.cinemasereno.it\/index.php?rest_route=\/wp\/v2\/posts\/823\/revisions"}],"predecessor-version":[{"id":825,"href":"https:\/\/www.cinemasereno.it\/index.php?rest_route=\/wp\/v2\/posts\/823\/revisions\/825"}],"wp:featuredmedia":[{"embeddable":true,"href":"https:\/\/www.cinemasereno.it\/index.php?rest_route=\/wp\/v2\/media\/824"}],"wp:attachment":[{"href":"https:\/\/www.cinemasereno.it\/index.php?rest_route=%2Fwp%2Fv2%2Fmedia&parent=823"}],"wp:term":[{"taxonomy":"category","embeddable":true,"href":"https:\/\/www.cinemasereno.it\/index.php?rest_route=%2Fwp%2Fv2%2Fcategories&post=823"},{"taxonomy":"post_tag","embeddable":true,"href":"https:\/\/www.cinemasereno.it\/index.php?rest_route=%2Fwp%2Fv2%2Ftags&post=823"}],"curies":[{"name":"wp","href":"https:\/\/api.w.org\/{rel}","templated":true}]}}