{"id":3461,"date":"2024-11-03T08:31:19","date_gmt":"2024-11-03T07:31:19","guid":{"rendered":"https:\/\/www.cinemasereno.it\/?p=3461"},"modified":"2024-11-03T08:33:32","modified_gmt":"2024-11-03T07:33:32","slug":"la-storia-del-frank-e-della-nina","status":"publish","type":"post","link":"https:\/\/www.cinemasereno.it\/?p=3461","title":{"rendered":"LA STORIA DEL FRANK E DELLA NINA"},"content":{"rendered":"\n<p class=\"wp-embed-aspect-16-9 wp-has-aspect-ratio has-black-color has-text-color has-link-color has-regular-font-size wp-elements-c0528e0f86f92a31110a15f90487af04\"><strong>MERCOLED<strong>\u00cc<\/strong> 13 NOVEMBRE\u00a0<strong>\u2022<\/strong> ORE 20:50<\/strong><br><strong>LA STORIA DEL FRANK E DELLA NINA<\/strong><br><strong>Regia:<\/strong>\u00a0<strong>Paola Randi, con Gabriele Monti e Samuele TeneggI, Ludovica Nasti, Marco Bonadei, Bruno Bozzetto<\/strong><br><strong>Italia, 2024  commedia, durata 105&#8242; minuti <\/strong><\/p>\n\n\n\n<p class=\"has-black-color has-text-color has-link-color wp-elements-46bc4c2a493132d3b55c02cbc814f130\">I<strong>nteri 6,50\u20ac,\u00a0 SOCICOOP, SPICGIL, DOPOLAVORO COMUNE DI BRESCIA 5,50\u20ac &#8211;\u00a0<\/strong><br><strong>Videoamici, 4,50\u20ac &#8211; Ridotti 4,00\u20ac<\/strong><\/p>\n\n\n\n<p>Gollum (cos\u00ec lo chiamano i bulli) non sa parlare e si esprime sprayando sui muri. Un giorno incontra Frank che invece con le parole \u00e8 abile tanto da poter vendere compiti di italiano e non solo. Quando compare Nina, sedici anni, e gi\u00e0 una figlia con il malavitoso &#8220;Il Duce&#8221;, la vita cambia per tutti e tre.<\/p>\n\n\n\n<figure class=\"wp-block-embed is-type-video is-provider-youtube wp-block-embed-youtube wp-embed-aspect-16-9 wp-has-aspect-ratio\"><div class=\"wp-block-embed__wrapper\">\n<iframe loading=\"lazy\" title=\"\u201cLa storia del Frank e della Nina\u201d - Trailer ufficiale\" width=\"790\" height=\"444\" src=\"https:\/\/www.youtube.com\/embed\/EhMeKbnuSd0?feature=oembed\" frameborder=\"0\" allow=\"accelerometer; autoplay; clipboard-write; encrypted-media; gyroscope; picture-in-picture; web-share\" referrerpolicy=\"strict-origin-when-cross-origin\" allowfullscreen><\/iframe>\n<\/div><\/figure>\n","protected":false},"excerpt":{"rendered":"<p>MERCOLED\u00cc 13 NOVEMBRE\u00a0\u2022 ORE 20:50LA [&hellip;]<\/p>\n","protected":false},"author":1,"featured_media":3462,"comment_status":"closed","ping_status":"closed","sticky":false,"template":"","format":"standard","meta":{"footnotes":""},"categories":[3],"tags":[],"_links":{"self":[{"href":"https:\/\/www.cinemasereno.it\/index.php?rest_route=\/wp\/v2\/posts\/3461"}],"collection":[{"href":"https:\/\/www.cinemasereno.it\/index.php?rest_route=\/wp\/v2\/posts"}],"about":[{"href":"https:\/\/www.cinemasereno.it\/index.php?rest_route=\/wp\/v2\/types\/post"}],"author":[{"embeddable":true,"href":"https:\/\/www.cinemasereno.it\/index.php?rest_route=\/wp\/v2\/users\/1"}],"replies":[{"embeddable":true,"href":"https:\/\/www.cinemasereno.it\/index.php?rest_route=%2Fwp%2Fv2%2Fcomments&post=3461"}],"version-history":[{"count":2,"href":"https:\/\/www.cinemasereno.it\/index.php?rest_route=\/wp\/v2\/posts\/3461\/revisions"}],"predecessor-version":[{"id":3465,"href":"https:\/\/www.cinemasereno.it\/index.php?rest_route=\/wp\/v2\/posts\/3461\/revisions\/3465"}],"wp:featuredmedia":[{"embeddable":true,"href":"https:\/\/www.cinemasereno.it\/index.php?rest_route=\/wp\/v2\/media\/3462"}],"wp:attachment":[{"href":"https:\/\/www.cinemasereno.it\/index.php?rest_route=%2Fwp%2Fv2%2Fmedia&parent=3461"}],"wp:term":[{"taxonomy":"category","embeddable":true,"href":"https:\/\/www.cinemasereno.it\/index.php?rest_route=%2Fwp%2Fv2%2Fcategories&post=3461"},{"taxonomy":"post_tag","embeddable":true,"href":"https:\/\/www.cinemasereno.it\/index.php?rest_route=%2Fwp%2Fv2%2Ftags&post=3461"}],"curies":[{"name":"wp","href":"https:\/\/api.w.org\/{rel}","templated":true}]}}