{"id":3434,"date":"2024-10-09T09:13:17","date_gmt":"2024-10-09T07:13:17","guid":{"rendered":"https:\/\/www.cinemasereno.it\/?p=3434"},"modified":"2024-10-24T11:56:49","modified_gmt":"2024-10-24T09:56:49","slug":"commedia-dialettale-la-us-del-poset","status":"publish","type":"post","link":"https:\/\/www.cinemasereno.it\/?p=3434","title":{"rendered":"Commedia dialettale &#8211; La \u00f9s del Pos\u00e8t"},"content":{"rendered":"\n<p class=\"has-regular-font-size\"><strong>DOMENICA 27 OTTOBRE\u00a02024 ore15:45<br>Commedia dialettale\u00a0\u00a0Teatro oratorio Botticino Mattina (Brescia)<br>La \u00f9s del Pos\u00e8t<\/strong><\/p>\n\n\n\n<p>Pu\u00f2 una localit\u00e0 fra le tante che si adagiano sulle colline di Botticino Mattina, far sentire la propria voce?<br>pare di si. I racconti di questa localit\u00e0 \u00e8 affidata al Pos\u00e8t quale rappresentante della zona. Le storie sono emerse da una profonda ricerca di Claudio Casali e messe in scena da Giacomo Luzzardi che ne ha curato la regia.<\/p>\n\n\n\n<p><strong>Interi 6\u20ac, &#8211; SOCI COOP, SPI CGIL, OVER65, Dopolavoro Comune di Brescia 5\u20ac -Videoamici, 4\u20ac &#8211; Ridotti 4\u20ac<\/strong><\/p>\n","protected":false},"excerpt":{"rendered":"<p>DOMENICA 27 OTTOBRE\u00a02024 ore15:45Commedia dialettale\u00a0\u00a0Teatro [&hellip;]<\/p>\n","protected":false},"author":1,"featured_media":3436,"comment_status":"closed","ping_status":"closed","sticky":false,"template":"","format":"standard","meta":{"footnotes":""},"categories":[3],"tags":[],"_links":{"self":[{"href":"https:\/\/www.cinemasereno.it\/index.php?rest_route=\/wp\/v2\/posts\/3434"}],"collection":[{"href":"https:\/\/www.cinemasereno.it\/index.php?rest_route=\/wp\/v2\/posts"}],"about":[{"href":"https:\/\/www.cinemasereno.it\/index.php?rest_route=\/wp\/v2\/types\/post"}],"author":[{"embeddable":true,"href":"https:\/\/www.cinemasereno.it\/index.php?rest_route=\/wp\/v2\/users\/1"}],"replies":[{"embeddable":true,"href":"https:\/\/www.cinemasereno.it\/index.php?rest_route=%2Fwp%2Fv2%2Fcomments&post=3434"}],"version-history":[{"count":2,"href":"https:\/\/www.cinemasereno.it\/index.php?rest_route=\/wp\/v2\/posts\/3434\/revisions"}],"predecessor-version":[{"id":3443,"href":"https:\/\/www.cinemasereno.it\/index.php?rest_route=\/wp\/v2\/posts\/3434\/revisions\/3443"}],"wp:featuredmedia":[{"embeddable":true,"href":"https:\/\/www.cinemasereno.it\/index.php?rest_route=\/wp\/v2\/media\/3436"}],"wp:attachment":[{"href":"https:\/\/www.cinemasereno.it\/index.php?rest_route=%2Fwp%2Fv2%2Fmedia&parent=3434"}],"wp:term":[{"taxonomy":"category","embeddable":true,"href":"https:\/\/www.cinemasereno.it\/index.php?rest_route=%2Fwp%2Fv2%2Fcategories&post=3434"},{"taxonomy":"post_tag","embeddable":true,"href":"https:\/\/www.cinemasereno.it\/index.php?rest_route=%2Fwp%2Fv2%2Ftags&post=3434"}],"curies":[{"name":"wp","href":"https:\/\/api.w.org\/{rel}","templated":true}]}}