{"id":3128,"date":"2024-03-13T18:43:22","date_gmt":"2024-03-13T17:43:22","guid":{"rendered":"http:\/\/www.cinemasereno.it\/?p=3128"},"modified":"2024-03-13T18:43:42","modified_gmt":"2024-03-13T17:43:42","slug":"totem-il-mio-sole","status":"publish","type":"post","link":"https:\/\/www.cinemasereno.it\/?p=3128","title":{"rendered":"TOTEM &#8211; IL MIO SOLE"},"content":{"rendered":"<p><span style=\"color: #000000;\"><strong>SABATO\u00a0 23\u00a0 DOMENICA 24\u00a0 LUNEDI&#8217;\u00a0 25\u00a0 MARZO\u00a0 ORE 20,50<br \/>\nDOMENICA 24\u00a0 ORE 15,30<br \/>\nTOTEM &#8211; IL MIO SOLE<br \/>\n<\/strong><span style=\"font-size: medium;\">Regia di <\/span><span style=\"font-size: medium;\"><b>Lila Avil\u00e9s<\/b><\/span><span style=\"font-size: medium;\">.\u00a0<\/span><span style=\"font-size: medium;\">Con Na\u00edma Sent\u00edes, Montserrat Mara\u00f1on, Marisol Gas\u00e9, Saori Gurza, Mateo Garcia.<br \/>\n<\/span><span style=\"font-size: large;\">Messico, Danimarca, Francia; 2023,<br \/>\nDrammatico, 95\u2032 minuti\u00a0<\/span><strong>\u00a0Consigli per la visione +13<span class=\"link_tipo_menu link-bianco\"><br \/>\n<\/span>Interi 6\u20ac,\u00a0 SOCICOOP, SPICGIL, DOPOLAVORO COMUNE DI BRESCIA 5\u20ac &#8211;\u00a0 <\/strong><\/span><br \/>\n<span style=\"color: #000000;\"> <strong> Videoamici, 4\u20ac &#8211; Ridotti 4\u20ac<\/strong><\/span><\/p>\n<p align=\"JUSTIFY\"><span style=\"font-size: medium; color: #000000;\">In una grande casa patronale circondata da un rigoglioso giardino si sta organizzando una festa. Sol ha 7 anni, \u00e8 la pi\u00f9 piccola tra i nipoti della famiglia estesa il cui capostipite \u00e8 l&#8217;anziano nonno costretto a comunicare con il laringofono. Nel caos dei preparativi, la bimba gioca con i cugini, le zie, gli animali che passeggiano disinvolti per casa, chiedendo insistentemente di visitare suo padre, un giovane pittore da tempo malato che riposa nella camera al piano superiore. Ignara di quanto le riserva il futuro, Sol attende con pazienza il momento in cui potr\u00e0 donare al genitore la pi\u00f9 gioiosa delle sorprese.<\/span><\/p>\n<p><iframe loading=\"lazy\" title=\"TOTEM - IL MIO SOLE | Trailer ufficiale | dal 7 marzo al cinema\" width=\"790\" height=\"444\" src=\"https:\/\/www.youtube.com\/embed\/ttGCS09KfTc?feature=oembed\" frameborder=\"0\" allow=\"accelerometer; autoplay; clipboard-write; encrypted-media; gyroscope; picture-in-picture; web-share\" allowfullscreen><\/iframe><\/p>\n","protected":false},"excerpt":{"rendered":"<p>SABATO\u00a0 23\u00a0 DOMENICA 24\u00a0 LUNEDI&#8217;\u00a0 [&hellip;]<\/p>\n","protected":false},"author":1,"featured_media":3129,"comment_status":"closed","ping_status":"closed","sticky":false,"template":"","format":"image","meta":{"footnotes":""},"categories":[3],"tags":[],"_links":{"self":[{"href":"https:\/\/www.cinemasereno.it\/index.php?rest_route=\/wp\/v2\/posts\/3128"}],"collection":[{"href":"https:\/\/www.cinemasereno.it\/index.php?rest_route=\/wp\/v2\/posts"}],"about":[{"href":"https:\/\/www.cinemasereno.it\/index.php?rest_route=\/wp\/v2\/types\/post"}],"author":[{"embeddable":true,"href":"https:\/\/www.cinemasereno.it\/index.php?rest_route=\/wp\/v2\/users\/1"}],"replies":[{"embeddable":true,"href":"https:\/\/www.cinemasereno.it\/index.php?rest_route=%2Fwp%2Fv2%2Fcomments&post=3128"}],"version-history":[{"count":1,"href":"https:\/\/www.cinemasereno.it\/index.php?rest_route=\/wp\/v2\/posts\/3128\/revisions"}],"predecessor-version":[{"id":3130,"href":"https:\/\/www.cinemasereno.it\/index.php?rest_route=\/wp\/v2\/posts\/3128\/revisions\/3130"}],"wp:featuredmedia":[{"embeddable":true,"href":"https:\/\/www.cinemasereno.it\/index.php?rest_route=\/wp\/v2\/media\/3129"}],"wp:attachment":[{"href":"https:\/\/www.cinemasereno.it\/index.php?rest_route=%2Fwp%2Fv2%2Fmedia&parent=3128"}],"wp:term":[{"taxonomy":"category","embeddable":true,"href":"https:\/\/www.cinemasereno.it\/index.php?rest_route=%2Fwp%2Fv2%2Fcategories&post=3128"},{"taxonomy":"post_tag","embeddable":true,"href":"https:\/\/www.cinemasereno.it\/index.php?rest_route=%2Fwp%2Fv2%2Ftags&post=3128"}],"curies":[{"name":"wp","href":"https:\/\/api.w.org\/{rel}","templated":true}]}}