{"id":3118,"date":"2024-03-09T10:12:20","date_gmt":"2024-03-09T09:12:20","guid":{"rendered":"http:\/\/www.cinemasereno.it\/?p=3118"},"modified":"2024-03-09T10:12:20","modified_gmt":"2024-03-09T09:12:20","slug":"una-bugia-per-due","status":"publish","type":"post","link":"https:\/\/www.cinemasereno.it\/?p=3118","title":{"rendered":"UNA BUGIA PER DUE"},"content":{"rendered":"<p><span style=\"color: #000000;\"><strong>SABATO\u00a0 16\u00a0 DOMENICA 17\u00a0 LUNEDI&#8217;\u00a0 18\u00a0 MARZO\u00a0 ORE 20,50<br \/>\nUNA BUGIA PER DUE<br \/>\n<\/strong>Regia: Rudy Milstein con Vincent Dedienne, G\u00e9raldine Nakache, <\/span><br \/>\n<span style=\"color: #000000;\">Po\u00e9sy, S\u00e9bastien Castro, Anna Mouglalis, Isabelle Nanty<\/span><br \/>\n<span style=\"color: #000000;\"> <strong>Francia; 2023, commedia, 100\u2032 minut<\/strong>i<strong> Consigli per la visione +13<span class=\"link_tipo_menu link-bianco\"><br \/>\n<\/span>Interi 6\u20ac,\u00a0 SOCICOOP, SPICGIL, DOPOLAVORO COMUNE DI BRESCIA 5\u20ac &#8211;\u00a0 <\/strong><\/span><br \/>\n<span style=\"color: #000000;\"> <strong> Videoamici, 4\u20ac &#8211; Ridotti 4\u20ac<\/strong><\/span><\/p>\n<p><span style=\"color: #000000;\">Louis lavora da un anno in uno studio legale. Cerca di essere gentile con tutti e rendersi disponibile con gli altri me nessuno sembra far caso a lui, neanche in famiglia dove vive con i genitori. Un giorno, dopo una visita medica, scopre di avere una grave malattia. Contemporaneamente, la sua principale Elsa, una spregiudicata avvocatessa, lo coinvolge in un caso dove deve difendere una multinazionale di pesticidi che probabilmente ha provocato il cancro in alcune persone. Louis inizia a intavolare una trattativa con le vittime guidate da H\u00e9l\u00e8ne, scontrosa portavoce dell&#8217;associazione dei malati di cancro, per un risarcimento. A un successivo controllo medico invece scopre invece che la diagnosi della prima volta \u00e8 stata completamente sbagliata. Ma non ha il coraggio di confessare la verit\u00e0 e continua cos\u00ec a fingere di essere in pessima salute perch\u00e9 per la prima volta in vita sua ha scoperto di essere riuscito a farsi notare. Non aveva per\u00f2 fatto i conti con le conseguenze.<\/span><\/p>\n<p><iframe loading=\"lazy\" title=\"UNA BUGIA PER DUE | Trailer ufficiale | Dal 1\u00b0 febbraio al cinema\" width=\"790\" height=\"444\" src=\"https:\/\/www.youtube.com\/embed\/gPu3q2hktNw?feature=oembed\" frameborder=\"0\" allow=\"accelerometer; autoplay; clipboard-write; encrypted-media; gyroscope; picture-in-picture; web-share\" allowfullscreen><\/iframe><\/p>\n","protected":false},"excerpt":{"rendered":"<p>SABATO\u00a0 16\u00a0 DOMENICA 17\u00a0 LUNEDI&#8217;\u00a0 [&hellip;]<\/p>\n","protected":false},"author":1,"featured_media":3119,"comment_status":"closed","ping_status":"closed","sticky":false,"template":"","format":"image","meta":{"footnotes":""},"categories":[3],"tags":[],"_links":{"self":[{"href":"https:\/\/www.cinemasereno.it\/index.php?rest_route=\/wp\/v2\/posts\/3118"}],"collection":[{"href":"https:\/\/www.cinemasereno.it\/index.php?rest_route=\/wp\/v2\/posts"}],"about":[{"href":"https:\/\/www.cinemasereno.it\/index.php?rest_route=\/wp\/v2\/types\/post"}],"author":[{"embeddable":true,"href":"https:\/\/www.cinemasereno.it\/index.php?rest_route=\/wp\/v2\/users\/1"}],"replies":[{"embeddable":true,"href":"https:\/\/www.cinemasereno.it\/index.php?rest_route=%2Fwp%2Fv2%2Fcomments&post=3118"}],"version-history":[{"count":1,"href":"https:\/\/www.cinemasereno.it\/index.php?rest_route=\/wp\/v2\/posts\/3118\/revisions"}],"predecessor-version":[{"id":3120,"href":"https:\/\/www.cinemasereno.it\/index.php?rest_route=\/wp\/v2\/posts\/3118\/revisions\/3120"}],"wp:featuredmedia":[{"embeddable":true,"href":"https:\/\/www.cinemasereno.it\/index.php?rest_route=\/wp\/v2\/media\/3119"}],"wp:attachment":[{"href":"https:\/\/www.cinemasereno.it\/index.php?rest_route=%2Fwp%2Fv2%2Fmedia&parent=3118"}],"wp:term":[{"taxonomy":"category","embeddable":true,"href":"https:\/\/www.cinemasereno.it\/index.php?rest_route=%2Fwp%2Fv2%2Fcategories&post=3118"},{"taxonomy":"post_tag","embeddable":true,"href":"https:\/\/www.cinemasereno.it\/index.php?rest_route=%2Fwp%2Fv2%2Ftags&post=3118"}],"curies":[{"name":"wp","href":"https:\/\/api.w.org\/{rel}","templated":true}]}}