{"id":3100,"date":"2024-02-23T08:41:01","date_gmt":"2024-02-23T07:41:01","guid":{"rendered":"http:\/\/www.cinemasereno.it\/?p=3100"},"modified":"2024-02-23T08:41:01","modified_gmt":"2024-02-23T07:41:01","slug":"il-mercoledi-e-solo-sereno-linvenzione-della-neve","status":"publish","type":"post","link":"https:\/\/www.cinemasereno.it\/?p=3100","title":{"rendered":"IL MERCOLED\u00cc\u00a0\u00c8 SOLO\u00a0&#8220;SERENO&#8221; &#8211; L&#8217;INVENZIONE DELLA NEVE"},"content":{"rendered":"<p><strong>MERCOLED\u00cc 6 MARZO<\/strong><strong>\u00a0 ORE 20,50<br \/>\nIL MERCOLED<\/strong><strong>\u00cc<\/strong>\u00a0<strong>\u00c8 SOLO\u00a0<\/strong><strong>&#8220;SERENO&#8221;<br \/>\n<\/strong><b>L&#8217;INVENZIONE DELLA NEVE<br \/>\nRegia:\u00a0 Vittorio Moroni, con Elena Gigliotti, Alessandro Averone,\u00a0Anna Ferruzzo,<br \/>\nItalia 2023 drammatico 117&#8242; minuti<br \/>\nConsigli per la visione di bambini e ragazzi:\u00a0<span class=\"link_tipo_menu link-bianco\">PER TUTTI<br \/>\n<\/span><\/b><strong>Interi 6\u20ac, &#8211; SOCI COOP, SPI CGIL, Dopolavoro Comune di Brescia 5\u20ac &#8211;\u00a0Videoamici, 4\u20ac &#8211; Ridotti 4\u20ac<\/strong><\/p>\n<p class=\"corpo\">Carmen ha un passato non facile. Da bambina \u00e8 stata tolta alla madre, insieme alla sorella Sonia, e inserita in una casa famiglia. Ora \u00e8 a sua volta madre di una bambina, Giada, che ha avuto con il suo compagno Massimo. La bambina \u00e8 stata affidata dal giudice al padre e Carmen la pu\u00f2 vedere solo al sabato ogni 15 giorni. Ma lei non intende accettare questa decisione perch\u00e9, nonostante gli errori commessi in passato, si sente e vuole essere madre a pieno titolo.<\/p>\n<p><iframe loading=\"lazy\" title=\"L&#039;INVENZIONE DELLA NEVE | Trailer ufficiale HD\" width=\"790\" height=\"444\" src=\"https:\/\/www.youtube.com\/embed\/8BwWofrbFTc?feature=oembed\" frameborder=\"0\" allow=\"accelerometer; autoplay; clipboard-write; encrypted-media; gyroscope; picture-in-picture; web-share\" allowfullscreen><\/iframe><\/p>\n","protected":false},"excerpt":{"rendered":"<p>MERCOLED\u00cc 6 MARZO\u00a0 ORE 20,50 [&hellip;]<\/p>\n","protected":false},"author":1,"featured_media":3101,"comment_status":"closed","ping_status":"closed","sticky":false,"template":"","format":"image","meta":{"footnotes":""},"categories":[3],"tags":[],"_links":{"self":[{"href":"https:\/\/www.cinemasereno.it\/index.php?rest_route=\/wp\/v2\/posts\/3100"}],"collection":[{"href":"https:\/\/www.cinemasereno.it\/index.php?rest_route=\/wp\/v2\/posts"}],"about":[{"href":"https:\/\/www.cinemasereno.it\/index.php?rest_route=\/wp\/v2\/types\/post"}],"author":[{"embeddable":true,"href":"https:\/\/www.cinemasereno.it\/index.php?rest_route=\/wp\/v2\/users\/1"}],"replies":[{"embeddable":true,"href":"https:\/\/www.cinemasereno.it\/index.php?rest_route=%2Fwp%2Fv2%2Fcomments&post=3100"}],"version-history":[{"count":1,"href":"https:\/\/www.cinemasereno.it\/index.php?rest_route=\/wp\/v2\/posts\/3100\/revisions"}],"predecessor-version":[{"id":3102,"href":"https:\/\/www.cinemasereno.it\/index.php?rest_route=\/wp\/v2\/posts\/3100\/revisions\/3102"}],"wp:featuredmedia":[{"embeddable":true,"href":"https:\/\/www.cinemasereno.it\/index.php?rest_route=\/wp\/v2\/media\/3101"}],"wp:attachment":[{"href":"https:\/\/www.cinemasereno.it\/index.php?rest_route=%2Fwp%2Fv2%2Fmedia&parent=3100"}],"wp:term":[{"taxonomy":"category","embeddable":true,"href":"https:\/\/www.cinemasereno.it\/index.php?rest_route=%2Fwp%2Fv2%2Fcategories&post=3100"},{"taxonomy":"post_tag","embeddable":true,"href":"https:\/\/www.cinemasereno.it\/index.php?rest_route=%2Fwp%2Fv2%2Ftags&post=3100"}],"curies":[{"name":"wp","href":"https:\/\/api.w.org\/{rel}","templated":true}]}}