{"id":3036,"date":"2024-01-15T22:43:10","date_gmt":"2024-01-15T21:43:10","guid":{"rendered":"http:\/\/www.cinemasereno.it\/?p=3036"},"modified":"2024-01-15T22:43:10","modified_gmt":"2024-01-15T21:43:10","slug":"prendi-il-volo","status":"publish","type":"post","link":"https:\/\/www.cinemasereno.it\/?p=3036","title":{"rendered":"PRENDI IL VOLO"},"content":{"rendered":"<p><strong>DOMENICA 21\u00a0 GENNAIO\u00a0 ORE 15,30<br \/>\nPRENDI IL VOLO<br \/>\nRegia: Benjamin Renner, Guylo Homsy<\/strong><br \/>\n<strong>USA, 2023, animazione, 82\u2032 minuti Consigli per la visione PER TUTTI<span class=\"link_tipo_menu link-bianco\"><br \/>\n<\/span><span style=\"color: #ff0000;\">Interi 6\u20ac,\u00a0 SOCICOOP, SPICGIL, DOPOLAVORO COMUNE DI BRESCIA 5\u20ac &#8211;\u00a0 <\/span><\/strong><br \/>\n<span style=\"color: #ff0000;\"> <strong> Videoamici, 4\u20ac &#8211; Ridotti 4\u20ac<\/strong><\/span><\/p>\n<p>Una famiglia di anatre, i Mallard, segue ogni giorno la stessa routine, che consiste nel navigare nello stagno del New England. Al pap\u00e0 iperprotettivo Mack le cose vanno bene cos\u00ec, perch\u00e9 in questo modo pu\u00f2 mantenere la sua famiglia al sicuro, mentre la mamma, Pam, vuole smuovere un po&#8217; la vita familiare e mostrare ai loro due figli, Dax e Gwen, che l\u00e0 fuori c&#8217;\u00e8 un mondo intero da scoprire.<br \/>\nQuando una famiglia di anatre migratorie giunge nel loro stagno, descrivendo luoghi lontani e strabilianti, Pam riesce a convincere Mack a fare un viaggio di famiglia, che li porti sui cielo di New York City fino alla Jamaica tropicale. Mentre viaggiano in direzione sud, i Mallard si rendono conto che non possono rispettare fedelmente il loro itinerario ben organizzato.<br \/>\nQuest&#8217;esperienza, per\u00f2, li porter\u00e0 pi\u00f9 lontano di quanto avessero immaginato e permetter\u00e0 loro non solo di conoscersi meglio l&#8217;un l&#8217;altro, ma anche di pi\u00f9 se stessi.<\/p>\n<p><iframe loading=\"lazy\" title=\"Prendi Il Volo | Secondo Trailer Ufficiale\" width=\"790\" height=\"444\" src=\"https:\/\/www.youtube.com\/embed\/D1Hgg1gaTeA?feature=oembed\" frameborder=\"0\" allow=\"accelerometer; autoplay; clipboard-write; encrypted-media; gyroscope; picture-in-picture; web-share\" allowfullscreen><\/iframe><\/p>\n","protected":false},"excerpt":{"rendered":"<p>DOMENICA 21\u00a0 GENNAIO\u00a0 ORE 15,30 [&hellip;]<\/p>\n","protected":false},"author":1,"featured_media":3037,"comment_status":"closed","ping_status":"closed","sticky":false,"template":"","format":"image","meta":{"footnotes":""},"categories":[3],"tags":[],"_links":{"self":[{"href":"https:\/\/www.cinemasereno.it\/index.php?rest_route=\/wp\/v2\/posts\/3036"}],"collection":[{"href":"https:\/\/www.cinemasereno.it\/index.php?rest_route=\/wp\/v2\/posts"}],"about":[{"href":"https:\/\/www.cinemasereno.it\/index.php?rest_route=\/wp\/v2\/types\/post"}],"author":[{"embeddable":true,"href":"https:\/\/www.cinemasereno.it\/index.php?rest_route=\/wp\/v2\/users\/1"}],"replies":[{"embeddable":true,"href":"https:\/\/www.cinemasereno.it\/index.php?rest_route=%2Fwp%2Fv2%2Fcomments&post=3036"}],"version-history":[{"count":1,"href":"https:\/\/www.cinemasereno.it\/index.php?rest_route=\/wp\/v2\/posts\/3036\/revisions"}],"predecessor-version":[{"id":3038,"href":"https:\/\/www.cinemasereno.it\/index.php?rest_route=\/wp\/v2\/posts\/3036\/revisions\/3038"}],"wp:featuredmedia":[{"embeddable":true,"href":"https:\/\/www.cinemasereno.it\/index.php?rest_route=\/wp\/v2\/media\/3037"}],"wp:attachment":[{"href":"https:\/\/www.cinemasereno.it\/index.php?rest_route=%2Fwp%2Fv2%2Fmedia&parent=3036"}],"wp:term":[{"taxonomy":"category","embeddable":true,"href":"https:\/\/www.cinemasereno.it\/index.php?rest_route=%2Fwp%2Fv2%2Fcategories&post=3036"},{"taxonomy":"post_tag","embeddable":true,"href":"https:\/\/www.cinemasereno.it\/index.php?rest_route=%2Fwp%2Fv2%2Ftags&post=3036"}],"curies":[{"name":"wp","href":"https:\/\/api.w.org\/{rel}","templated":true}]}}