{"id":2787,"date":"2023-05-29T09:33:30","date_gmt":"2023-05-29T07:33:30","guid":{"rendered":"http:\/\/www.cinemasereno.it\/?p=2787"},"modified":"2023-05-29T09:33:30","modified_gmt":"2023-05-29T07:33:30","slug":"cinema-sereno-estate-mon-crime-la-colpevole-sono-io","status":"publish","type":"post","link":"https:\/\/www.cinemasereno.it\/?p=2787","title":{"rendered":"CINEMA SERENO ESTATE &#8211; MON CRIME, LA COLPEVOLE SONO IO"},"content":{"rendered":"<p><strong>CINEMA SERENO ESTATE<br \/>\nLUNEDI&#8217;\u00a0 19\u00a0 MERCOLEDI&#8217; 21<\/strong><strong>\u00a0GIUGNO\u00a0 ORE 20,50<br \/>\n<\/strong><strong>MON CRIME, LA COLPEVOLE SONO IO<\/strong><\/p>\n<div class=\"hHq9Z\">\n<div data-hveid=\"CAkQAA\">\n<div class=\"gyEfO\">\n<div class=\"wDYxhc NFQFxe viOShc LKPcQc\" data-md=\"221\" data-hveid=\"CA0QAA\" data-ved=\"2ahUKEwiD3eqQ47L9AhXLDuwKHei6CqoQnKEBegQIDRAA\">\n<div class=\"ZxoDOe yGdMVd\">\n<div class=\"UFE1qd\">\n<div class=\"EGmpye\">\n<div class=\"oQDTXb\">Regia: Fran\u00e7ois Ozon &#8211; con: Nadia Tereszkiewicz ,\u00a0Rebecca Marder, Isabelle Huppert, Fabrice Luchini, Dany Boon<\/div>\n<\/div>\n<\/div>\n<\/div>\n<\/div>\n<\/div>\n<\/div>\n<\/div>\n<div class=\"GRl5yb a8pxAe\">Francia, 2023 Drammatico, 102&#8242; minuti\u00a0 Visione consigliata: +13<br \/>\n<strong>Interi 6\u20ac,\u00a0 SOCICOOP, SPICGIL, DOPOLAVORO COMUNE DI BRESCIA 5\u20ac &#8211;\u00a0 <\/strong><br \/>\n<strong> Videoamici, 4\u20ac &#8211; Ridotti 4\u20ac<\/strong><\/div>\n<p>Parigi, 1935. Madeleine Verdier, aspirante attrice convocata da un celebre produttore per un ruolo e poi aggredita, \u00e8 accusata a torto del suo omicidio. Con la complicit\u00e0 di Pauline Maul\u00e9on, avvocato senza clienti che si incarica della sua difesa, si assume il crimine e accede alla gloria denunciando la misoginia della societ\u00e0 e l&#8217;incompetenza della giustizia. Il tribunale diventa &#8216;teatro&#8217; della sua performance. L&#8217;ingiustizia subita commuove l&#8217;opinione pubblico, il successo \u00e8 immediato. Per Madeleine comincia una nuova vita, gli ingaggi piovono coi fiori e le proposte di matrimonio ma la vera colpevole bussa alla porta e reclama la sua parte&#8230;<\/p>\n<p><iframe loading=\"lazy\" title=\"MON CRIME La Colpevole sono Io | TRAILER Ufficiale | Dal 25 Aprile al Cinema\" width=\"790\" height=\"444\" src=\"https:\/\/www.youtube.com\/embed\/f8CsDrhHoC8?feature=oembed\" frameborder=\"0\" allow=\"accelerometer; autoplay; clipboard-write; encrypted-media; gyroscope; picture-in-picture; web-share\" allowfullscreen><\/iframe><\/p>\n","protected":false},"excerpt":{"rendered":"<p>CINEMA SERENO ESTATE LUNEDI&#8217;\u00a0 19\u00a0 [&hellip;]<\/p>\n","protected":false},"author":1,"featured_media":2788,"comment_status":"closed","ping_status":"closed","sticky":false,"template":"","format":"image","meta":{"footnotes":""},"categories":[3],"tags":[],"_links":{"self":[{"href":"https:\/\/www.cinemasereno.it\/index.php?rest_route=\/wp\/v2\/posts\/2787"}],"collection":[{"href":"https:\/\/www.cinemasereno.it\/index.php?rest_route=\/wp\/v2\/posts"}],"about":[{"href":"https:\/\/www.cinemasereno.it\/index.php?rest_route=\/wp\/v2\/types\/post"}],"author":[{"embeddable":true,"href":"https:\/\/www.cinemasereno.it\/index.php?rest_route=\/wp\/v2\/users\/1"}],"replies":[{"embeddable":true,"href":"https:\/\/www.cinemasereno.it\/index.php?rest_route=%2Fwp%2Fv2%2Fcomments&post=2787"}],"version-history":[{"count":1,"href":"https:\/\/www.cinemasereno.it\/index.php?rest_route=\/wp\/v2\/posts\/2787\/revisions"}],"predecessor-version":[{"id":2789,"href":"https:\/\/www.cinemasereno.it\/index.php?rest_route=\/wp\/v2\/posts\/2787\/revisions\/2789"}],"wp:featuredmedia":[{"embeddable":true,"href":"https:\/\/www.cinemasereno.it\/index.php?rest_route=\/wp\/v2\/media\/2788"}],"wp:attachment":[{"href":"https:\/\/www.cinemasereno.it\/index.php?rest_route=%2Fwp%2Fv2%2Fmedia&parent=2787"}],"wp:term":[{"taxonomy":"category","embeddable":true,"href":"https:\/\/www.cinemasereno.it\/index.php?rest_route=%2Fwp%2Fv2%2Fcategories&post=2787"},{"taxonomy":"post_tag","embeddable":true,"href":"https:\/\/www.cinemasereno.it\/index.php?rest_route=%2Fwp%2Fv2%2Ftags&post=2787"}],"curies":[{"name":"wp","href":"https:\/\/api.w.org\/{rel}","templated":true}]}}