{"id":2762,"date":"2023-04-30T08:50:39","date_gmt":"2023-04-30T06:50:39","guid":{"rendered":"http:\/\/www.cinemasereno.it\/?p=2762"},"modified":"2023-04-30T08:50:39","modified_gmt":"2023-04-30T06:50:39","slug":"la-cospirazione-del-cairo","status":"publish","type":"post","link":"https:\/\/www.cinemasereno.it\/?p=2762","title":{"rendered":"LA COSPIRAZIONE DEL CAIRO"},"content":{"rendered":"<p><span style=\"color: #000000;\"><strong>SABATO\u00a0 13\u00a0 DOMENICA 14\u00a0\u00a0<\/strong><strong>LUNEDI&#8217;\u00a0 15\u00a0 MAGGIO\u00a0 ORE 20,50<\/strong><\/span><\/p>\n<p><span style=\"color: #000000;\"><b>LA COSPIRAZIONE DEL CAIRO<br \/>\n<\/b>Regia:\u00a0 <strong>Tarik Saleh, con awfeek Barhom, Fares Fares, Mehdi Dehbi, Mohammad Bakri, Makram Khoury<\/strong><\/span><br \/>\n<span style=\"color: #000000;\"> Svezia; 2022, Drammatico, 126\u2032 minuti Consigli per la visione di bambini e ragazzi:\u00a0<span class=\"link_tipo_menu link-bianco\">+13<br \/>\n<\/span><strong>Interi 6\u20ac,\u00a0 SOCICOOP, SPICGIL, DOPOLAVORO COMUNE DI BRESCIA 5\u20ac &#8211;\u00a0 <\/strong><\/span><br \/>\n<span style=\"color: #000000;\"> <strong> Videoamici, 4\u20ac &#8211; Ridotti 4\u20ac<\/strong><\/span><\/p>\n<p><span style=\"color: #000000;\">Adam \u00e8 figlio di un pescatore analfabeta ma ha sempre amato leggere e studiare, perch\u00e9 a detta di suo padre \u00e8 intelligente come quella madre scomparsa troppo presto. Dunque il ragazzo ottiene una borsa di studio per l&#8217;Universit\u00e0 Al-Azhar de Il Cairo, conosciuta come &#8220;la pi\u00f9 grande istituzione islamica&#8221;. Ma poco dopo l&#8217;arrivo di Adam il Grande Imam che dirige Al-Azhar muore, e si pone il problema della sua successione. Il candidato naturale sarebbe un anziano Imam cieco di grande profondit\u00e0 spirituale, ma il Presidente della Repubblica egiziano gli preferisce un altro leader, pi\u00f9 incline a mantenere la separazione fra religione e Stato. Incaricato di vigilare sulla transizione alla testa dell&#8217;ateneo per conto del governo \u00e8 il Colonnello Ibrahim, ambigua figura di grande abilit\u00e0 strategica, che non disdegna mezzi di persuasione anche assai poco leciti. E in mezzo a questo crocevia finir\u00e0 proprio Adam, come recluta innocente.<\/span><\/p>\n<p><iframe loading=\"lazy\" title=\"La cospirazione del Cairo | Trailer Ufficiale\" width=\"790\" height=\"444\" src=\"https:\/\/www.youtube.com\/embed\/7_HTcV97BaY?feature=oembed\" frameborder=\"0\" allow=\"accelerometer; autoplay; clipboard-write; encrypted-media; gyroscope; picture-in-picture; web-share\" allowfullscreen><\/iframe><\/p>\n","protected":false},"excerpt":{"rendered":"<p>SABATO\u00a0 13\u00a0 DOMENICA 14\u00a0\u00a0LUNEDI&#8217;\u00a0 15\u00a0 [&hellip;]<\/p>\n","protected":false},"author":1,"featured_media":2763,"comment_status":"closed","ping_status":"closed","sticky":false,"template":"","format":"image","meta":{"footnotes":""},"categories":[3],"tags":[],"_links":{"self":[{"href":"https:\/\/www.cinemasereno.it\/index.php?rest_route=\/wp\/v2\/posts\/2762"}],"collection":[{"href":"https:\/\/www.cinemasereno.it\/index.php?rest_route=\/wp\/v2\/posts"}],"about":[{"href":"https:\/\/www.cinemasereno.it\/index.php?rest_route=\/wp\/v2\/types\/post"}],"author":[{"embeddable":true,"href":"https:\/\/www.cinemasereno.it\/index.php?rest_route=\/wp\/v2\/users\/1"}],"replies":[{"embeddable":true,"href":"https:\/\/www.cinemasereno.it\/index.php?rest_route=%2Fwp%2Fv2%2Fcomments&post=2762"}],"version-history":[{"count":1,"href":"https:\/\/www.cinemasereno.it\/index.php?rest_route=\/wp\/v2\/posts\/2762\/revisions"}],"predecessor-version":[{"id":2764,"href":"https:\/\/www.cinemasereno.it\/index.php?rest_route=\/wp\/v2\/posts\/2762\/revisions\/2764"}],"wp:featuredmedia":[{"embeddable":true,"href":"https:\/\/www.cinemasereno.it\/index.php?rest_route=\/wp\/v2\/media\/2763"}],"wp:attachment":[{"href":"https:\/\/www.cinemasereno.it\/index.php?rest_route=%2Fwp%2Fv2%2Fmedia&parent=2762"}],"wp:term":[{"taxonomy":"category","embeddable":true,"href":"https:\/\/www.cinemasereno.it\/index.php?rest_route=%2Fwp%2Fv2%2Fcategories&post=2762"},{"taxonomy":"post_tag","embeddable":true,"href":"https:\/\/www.cinemasereno.it\/index.php?rest_route=%2Fwp%2Fv2%2Ftags&post=2762"}],"curies":[{"name":"wp","href":"https:\/\/api.w.org\/{rel}","templated":true}]}}