{"id":2616,"date":"2023-01-20T15:51:56","date_gmt":"2023-01-20T14:51:56","guid":{"rendered":"http:\/\/www.cinemasereno.it\/?p=2616"},"modified":"2023-01-20T15:51:56","modified_gmt":"2023-01-20T14:51:56","slug":"le-vele-scarlatte","status":"publish","type":"post","link":"https:\/\/www.cinemasereno.it\/?p=2616","title":{"rendered":"LE VELE SCARLATTE"},"content":{"rendered":"<p><span style=\"color: #000000;\"><strong>SABATO\u00a0 4\u00a0 DOMENICA 5\u00a0 LUNEDI&#8217;\u00a0 6\u00a0 FEBBRAIO<\/strong><strong>\u00a0ORE 20,50<\/strong><\/span><\/p>\n<p><span style=\"color: #000000;\"><strong>LE VELE SCARLATTE<br \/>\n<\/strong><strong>Regia:\u00a0 Pietro Marcello con Juliette Jouan, Raphael Thierry, Noemie Lvovsky,<br \/>\nLouis Garrel, Yolande Moreau<\/strong><\/span><br \/>\n<span style=\"color: #000000;\">Francia, Italia 2022, drammatico 100&#8242; minuti<\/span><br \/>\n<span style=\"color: #000000;\"> Consigli per la visione di bambini e ragazzi:\u00a0<span class=\"link_tipo_menu link-bianco\">+13<\/span><\/span><\/p>\n<p><span style=\"color: #000000;\"><strong>Interi 6\u20ac,\u00a0 SOCICOOP, SPICGIL, DOPOLAVORO COMUNE DI BRESCIA 5\u20ac &#8211;\u00a0 <\/strong><\/span><br \/>\n<span style=\"color: #000000;\"> <strong> Videoamici, 4\u20ac &#8211; Ridotti 4\u20ac<\/strong><\/span><\/p>\n<p><span style=\"color: #000000;\">Il soldato Raphael torna dalla Grande guerra al suo villaggio normanno, identificandosi come &#8220;l&#8217;uomo di Marie&#8221;. Marie non c&#8217;\u00e8 pi\u00f9, ma c&#8217;\u00e8 una bambina di cui Raphael ignorava l&#8217;esistenza: \u00e8 sua figlia Juliette, che diventer\u00e0 la sua ragione di vita. Per lei l&#8217;uomo ricomincer\u00e0 a fare il falegname, dimostrandosi l&#8217;artigiano migliore della zona e un eccellente intagliatore. Ad aiutarlo c&#8217;\u00e8 Madame Adeline, una vedova di buon cuore che accoglie entrambi nella sua fattoria. Ma Raphael, Juliette e Madame Adeline non sono ben visti nel villaggio, che considera l&#8217;uomo colpevole di omissione di soccorso, e le donne due streghe &#8211; come ogni &#8220;femmina non addomesticata&#8221;. Il loro \u00e8 tuttavia un percorso di speranza, in attesa del passaggio delle vele scarlatte pronosticato a Juliette dalla maga del paese.<\/span><\/p>\n<p><iframe loading=\"lazy\" title=\"LE VELE SCARLATTE di Pietro Marcello (2022) - Trailer Ufficiale HD\" width=\"790\" height=\"444\" src=\"https:\/\/www.youtube.com\/embed\/aog61fO83vA?feature=oembed\" frameborder=\"0\" allow=\"accelerometer; autoplay; clipboard-write; encrypted-media; gyroscope; picture-in-picture; web-share\" allowfullscreen><\/iframe><\/p>\n","protected":false},"excerpt":{"rendered":"<p>SABATO\u00a0 4\u00a0 DOMENICA 5\u00a0 LUNEDI&#8217;\u00a0 [&hellip;]<\/p>\n","protected":false},"author":1,"featured_media":2617,"comment_status":"closed","ping_status":"closed","sticky":false,"template":"","format":"image","meta":{"footnotes":""},"categories":[3],"tags":[],"_links":{"self":[{"href":"https:\/\/www.cinemasereno.it\/index.php?rest_route=\/wp\/v2\/posts\/2616"}],"collection":[{"href":"https:\/\/www.cinemasereno.it\/index.php?rest_route=\/wp\/v2\/posts"}],"about":[{"href":"https:\/\/www.cinemasereno.it\/index.php?rest_route=\/wp\/v2\/types\/post"}],"author":[{"embeddable":true,"href":"https:\/\/www.cinemasereno.it\/index.php?rest_route=\/wp\/v2\/users\/1"}],"replies":[{"embeddable":true,"href":"https:\/\/www.cinemasereno.it\/index.php?rest_route=%2Fwp%2Fv2%2Fcomments&post=2616"}],"version-history":[{"count":1,"href":"https:\/\/www.cinemasereno.it\/index.php?rest_route=\/wp\/v2\/posts\/2616\/revisions"}],"predecessor-version":[{"id":2618,"href":"https:\/\/www.cinemasereno.it\/index.php?rest_route=\/wp\/v2\/posts\/2616\/revisions\/2618"}],"wp:featuredmedia":[{"embeddable":true,"href":"https:\/\/www.cinemasereno.it\/index.php?rest_route=\/wp\/v2\/media\/2617"}],"wp:attachment":[{"href":"https:\/\/www.cinemasereno.it\/index.php?rest_route=%2Fwp%2Fv2%2Fmedia&parent=2616"}],"wp:term":[{"taxonomy":"category","embeddable":true,"href":"https:\/\/www.cinemasereno.it\/index.php?rest_route=%2Fwp%2Fv2%2Fcategories&post=2616"},{"taxonomy":"post_tag","embeddable":true,"href":"https:\/\/www.cinemasereno.it\/index.php?rest_route=%2Fwp%2Fv2%2Ftags&post=2616"}],"curies":[{"name":"wp","href":"https:\/\/api.w.org\/{rel}","templated":true}]}}