{"id":2510,"date":"2022-10-28T11:17:10","date_gmt":"2022-10-28T09:17:10","guid":{"rendered":"http:\/\/www.cinemasereno.it\/?p=2510"},"modified":"2022-11-05T22:58:22","modified_gmt":"2022-11-05T21:58:22","slug":"rassegna-cinematografica-cera-una-volta-in-montagna-malacarne","status":"publish","type":"post","link":"https:\/\/www.cinemasereno.it\/?p=2510","title":{"rendered":"RASSEGNA CINEMATOGRAFICA &#8211; C&#8217;ERA UNA VOLTA&#8230; IN MONTAGNA &#8211; MALACARNE"},"content":{"rendered":"<p><span style=\"color: #000000;\"><b>RASSEGNA CINEMATOGRAFICA &#8211; C&#8217;ERA UNA VOLTA&#8230; IN MONTAGNA<\/b><\/span><\/p>\n<p><span style=\"color: #000000;\"><strong>MERCOLEDI&#8217;\u00a0 16\u00a0 NOVEMBRE\u00a0 ORE 20,50<\/strong><\/span><br \/>\n<span style=\"color: #000000;\"> <strong>MALACARNE<br \/>\n<\/strong><strong>Regia: Lucia Zanettin Con Samuele Ferri, Piergiorgio Piccoli, Sofia Vigliar<\/strong><strong><br \/>\n<\/strong>Italia 2021, drammatico, 91&#8242; minuti<\/span><\/p>\n<div dir=\"auto\"><span style=\"color: #000000;\">Interi 6\u20ac, SOCICOOP, SPICGIL, DOPOLAVORO COMUNE DI BRESCIA 5\u20ac &#8211;<\/span><\/div>\n<div dir=\"auto\"><span style=\"color: #000000;\">Videoamici, 4\u20ac &#8211; Ridotti 4\u20ac<\/span><\/div>\n<p><span style=\"color: #000000;\">Un figlio scomparso senza mai esser ritrovato, un caso irrisolto, un padre che va alla sua ricerca dopo tanto tempo. L\u2019ambientazione del film\u00a0 \u00e8 quella della Val Daone, Val di Fumo, in Trentino ma anche di Borgo Valbelluna, e parla di un territorio impervio, difficile, dove si muovono pochi personaggi che sembra si guardino sospettosi uno dell\u2019altro. La regista vicentina nel suo lavoro va a cogliere minuziosamente, scavando dentro i suoi protagonisti, ogni anfratto ancestrale che va a richiamare il sogno, a volte l\u2019incubo, la poesia, il surreale e i suoi meandri. La ricerca del padre \u00e8 anche la nostra ricerca e pu\u00f2 esser letta come una metafora dell\u2019esistenza. Il film \u00e8 un lento crescendo che apostrofa l\u2019esistenza terrena e sfiora quella celeste, portando lo spettatore a pi\u00f9 bivi. Sto facendo la cosa giusta? Sto ascoltando la persona giusta? Non mi star\u00f2 sbagliando? Sono interrogativi che paiono apparire sui volti di tutti, sicuri e insicuri, che raccontino verit\u00e0 nascoste o altro ancora.<\/span><\/p>\n<p><iframe loading=\"lazy\" title=\"Trailer Malacarne\" width=\"790\" height=\"444\" src=\"https:\/\/www.youtube.com\/embed\/_oB79E3K7e8?feature=oembed\" frameborder=\"0\" allow=\"accelerometer; autoplay; clipboard-write; encrypted-media; gyroscope; picture-in-picture; web-share\" allowfullscreen><\/iframe><\/p>\n<p>&nbsp;<\/p>\n","protected":false},"excerpt":{"rendered":"<p>RASSEGNA CINEMATOGRAFICA &#8211; C&#8217;ERA UNA [&hellip;]<\/p>\n","protected":false},"author":1,"featured_media":2511,"comment_status":"closed","ping_status":"closed","sticky":false,"template":"","format":"image","meta":{"footnotes":""},"categories":[3],"tags":[],"_links":{"self":[{"href":"https:\/\/www.cinemasereno.it\/index.php?rest_route=\/wp\/v2\/posts\/2510"}],"collection":[{"href":"https:\/\/www.cinemasereno.it\/index.php?rest_route=\/wp\/v2\/posts"}],"about":[{"href":"https:\/\/www.cinemasereno.it\/index.php?rest_route=\/wp\/v2\/types\/post"}],"author":[{"embeddable":true,"href":"https:\/\/www.cinemasereno.it\/index.php?rest_route=\/wp\/v2\/users\/1"}],"replies":[{"embeddable":true,"href":"https:\/\/www.cinemasereno.it\/index.php?rest_route=%2Fwp%2Fv2%2Fcomments&post=2510"}],"version-history":[{"count":2,"href":"https:\/\/www.cinemasereno.it\/index.php?rest_route=\/wp\/v2\/posts\/2510\/revisions"}],"predecessor-version":[{"id":2530,"href":"https:\/\/www.cinemasereno.it\/index.php?rest_route=\/wp\/v2\/posts\/2510\/revisions\/2530"}],"wp:featuredmedia":[{"embeddable":true,"href":"https:\/\/www.cinemasereno.it\/index.php?rest_route=\/wp\/v2\/media\/2511"}],"wp:attachment":[{"href":"https:\/\/www.cinemasereno.it\/index.php?rest_route=%2Fwp%2Fv2%2Fmedia&parent=2510"}],"wp:term":[{"taxonomy":"category","embeddable":true,"href":"https:\/\/www.cinemasereno.it\/index.php?rest_route=%2Fwp%2Fv2%2Fcategories&post=2510"},{"taxonomy":"post_tag","embeddable":true,"href":"https:\/\/www.cinemasereno.it\/index.php?rest_route=%2Fwp%2Fv2%2Ftags&post=2510"}],"curies":[{"name":"wp","href":"https:\/\/api.w.org\/{rel}","templated":true}]}}