{"id":2422,"date":"2022-08-18T21:45:18","date_gmt":"2022-08-18T19:45:18","guid":{"rendered":"http:\/\/www.cinemasereno.it\/?p=2422"},"modified":"2022-08-22T11:24:43","modified_gmt":"2022-08-22T09:24:43","slug":"cinema-sereno-estate-il-male-non-esiste","status":"publish","type":"post","link":"https:\/\/www.cinemasereno.it\/?p=2422","title":{"rendered":"CINEMA SERENO ESTATE &#8211; IL MALE NON ESISTE"},"content":{"rendered":"<p><span style=\"color: #000000;\"><strong>CINEMA SERENO ESTATE<\/strong><\/span><\/p>\n<p><span style=\"color: #000000;\"><strong>MERCOLEDI&#8217;\u00a0 07\u00a0 SETTEMBRE\u00a0 <span style=\"color: #ff0000;\">ORE 21,00<\/span><\/strong><\/span><br \/>\n<span style=\"color: #000000;\"> <strong>IL MALE NON ESISTE<br \/>\n<\/strong>Regia:\u00a0 Mohammad Rasoulof\u00a0 con Ehsan Mirhosseini, Shaghayegh Shoorian,<\/span><br \/>\n<span style=\"color: #000000;\">Kaveh Ahangar, Alireza Zareparast<\/span><br \/>\n<span style=\"color: #000000;\">Germania, Repubblica Ceca, Iran 2020, drammatico, 150&#8242; minuti<\/span><\/p>\n<p><strong><span style=\"color: #ff0000;\">Interi 6\u20ac,\u00a0 SOCICOOP, SPICGIL, DOPOLAVORO COMUNE DI BRESCIA 5\u20ac &#8211;\u00a0 <\/span><\/strong><br \/>\n<strong><span style=\"color: #ff0000;\"> Videoamici, 4\u20ac &#8211;<\/span><\/strong><\/p>\n<p><span style=\"color: #000000;\">Heshmat \u00e8 un buon padre e un buon marito attento ai bisogni della famiglia. Ogni mattino si alza presto per andare al lavoro. Quale lavoro? Pouya non se la sente di essere colui che legalmente dovr\u00e0 sopprimere una vita umana. Cosa dovr\u00e0 fare per evitare questo compito? Javad non sa che insieme alla sua ufficiale dichiarazione d&#8217;amore in occasione del compleanno della fidanzata dovr\u00e0 confrontarsi con un evento che l&#8217;ha scossa profondamente. Bahram \u00e8 un medico che esercita in una localit\u00e0 sperduta e che ha deciso di incontrare per la prima volta la nipote, che vive in Germania, per rivelarle un segreto.<\/span><\/p>\n<p>https:\/\/www.youtube.com\/watch?v=e3q3IORd8YY<\/p>\n","protected":false},"excerpt":{"rendered":"<p>CINEMA SERENO ESTATE MERCOLEDI&#8217;\u00a0 07\u00a0 [&hellip;]<\/p>\n","protected":false},"author":1,"featured_media":2423,"comment_status":"closed","ping_status":"closed","sticky":false,"template":"","format":"image","meta":{"footnotes":""},"categories":[3],"tags":[],"_links":{"self":[{"href":"https:\/\/www.cinemasereno.it\/index.php?rest_route=\/wp\/v2\/posts\/2422"}],"collection":[{"href":"https:\/\/www.cinemasereno.it\/index.php?rest_route=\/wp\/v2\/posts"}],"about":[{"href":"https:\/\/www.cinemasereno.it\/index.php?rest_route=\/wp\/v2\/types\/post"}],"author":[{"embeddable":true,"href":"https:\/\/www.cinemasereno.it\/index.php?rest_route=\/wp\/v2\/users\/1"}],"replies":[{"embeddable":true,"href":"https:\/\/www.cinemasereno.it\/index.php?rest_route=%2Fwp%2Fv2%2Fcomments&post=2422"}],"version-history":[{"count":5,"href":"https:\/\/www.cinemasereno.it\/index.php?rest_route=\/wp\/v2\/posts\/2422\/revisions"}],"predecessor-version":[{"id":2430,"href":"https:\/\/www.cinemasereno.it\/index.php?rest_route=\/wp\/v2\/posts\/2422\/revisions\/2430"}],"wp:featuredmedia":[{"embeddable":true,"href":"https:\/\/www.cinemasereno.it\/index.php?rest_route=\/wp\/v2\/media\/2423"}],"wp:attachment":[{"href":"https:\/\/www.cinemasereno.it\/index.php?rest_route=%2Fwp%2Fv2%2Fmedia&parent=2422"}],"wp:term":[{"taxonomy":"category","embeddable":true,"href":"https:\/\/www.cinemasereno.it\/index.php?rest_route=%2Fwp%2Fv2%2Fcategories&post=2422"},{"taxonomy":"post_tag","embeddable":true,"href":"https:\/\/www.cinemasereno.it\/index.php?rest_route=%2Fwp%2Fv2%2Ftags&post=2422"}],"curies":[{"name":"wp","href":"https:\/\/api.w.org\/{rel}","templated":true}]}}