{"id":2403,"date":"2022-07-21T14:30:36","date_gmt":"2022-07-21T12:30:36","guid":{"rendered":"http:\/\/www.cinemasereno.it\/?p=2403"},"modified":"2022-07-21T14:30:36","modified_gmt":"2022-07-21T12:30:36","slug":"cinema-sereno-allaperto-la-promessa-il-prezzo-del-potere","status":"publish","type":"post","link":"https:\/\/www.cinemasereno.it\/?p=2403","title":{"rendered":"CINEMA SERENO ALL&#8217;APERTO &#8211; LA PROMESSA &#8211; Il prezzo del potere"},"content":{"rendered":"<p><span style=\"color: #000000;\"><strong>CINEMA SERENO ALL&#8217;APERTO<\/strong><\/span><\/p>\n<p><span style=\"color: #000000;\"><strong>MERCOLEDI&#8217;\u00a0 3\u00a0 AGOSTO\u00a0 ORE 21,30<\/strong><\/span><br \/>\n<span style=\"color: #000000;\"> <strong>LA PROMESSA &#8211;\u00a0Il prezzo del potere<br \/>\n<\/strong>Regia:\u00a0 Thomas Kruithof, con Isabelle Huppert, Reda Kateb, Naidra Ayadi, <\/span><br \/>\n<span style=\"color: #000000;\">Jean-Paul Bordes, Herv\u00e9 Pierre<\/span><br \/>\n<span style=\"color: #000000;\"> Francia 2021- drammatico,\u00a0 98&#8242; minuti<\/span><\/p>\n<p><span style=\"color: #000000;\"><strong> Interi 5\u20ac &#8211; Videoamici 4\u20ac<\/strong><\/span><\/p>\n<p><span style=\"color: #000000;\">Cl\u00e9mence \u00e8 al termine del suo secondo mandato come sindaca di una citt\u00e0 dell&#8217;hinterland di Parigi e non si ricandider\u00e0. Ha deciso di mandare avanti la sua vice e giovane proteg\u00e9e Naidra. Prima di dire addio alla politica, per\u00f2, le resta una cosa da fare. Una cosa per cui lotta da dieci anni, insieme a tremila persone: ottenere dallo stato francese l&#8217;approvazione del piano multimilionario di riqualificazione della banlieue in cui ha sede Les Bernardines, un enorme complesso occupato in cui centinaia di famiglie vivono in condizioni di sovraffollamento, sfruttamento economico e pericolo di salute. A queste famiglie Cl\u00e9mence ha promesso pi\u00f9 volte una soluzione e dentro Les Bernardines \u00e8 cresciuto anche Yazid, il suo braccio destro, il suo consigliere, la sua coscienza.<\/span><\/p>\n<p><iframe loading=\"lazy\" title=\"LA PROMESSA: Il Prezzo Del Potere - Trailer Ufficiale - Dal 10 Marzo al cinema\" width=\"790\" height=\"444\" src=\"https:\/\/www.youtube.com\/embed\/mP-MtRlJt6E?feature=oembed\" frameborder=\"0\" allow=\"accelerometer; autoplay; clipboard-write; encrypted-media; gyroscope; picture-in-picture; web-share\" allowfullscreen><\/iframe><\/p>\n","protected":false},"excerpt":{"rendered":"<p>CINEMA SERENO ALL&#8217;APERTO MERCOLEDI&#8217;\u00a0 3\u00a0 [&hellip;]<\/p>\n","protected":false},"author":1,"featured_media":2404,"comment_status":"closed","ping_status":"closed","sticky":false,"template":"","format":"image","meta":{"footnotes":""},"categories":[3],"tags":[],"_links":{"self":[{"href":"https:\/\/www.cinemasereno.it\/index.php?rest_route=\/wp\/v2\/posts\/2403"}],"collection":[{"href":"https:\/\/www.cinemasereno.it\/index.php?rest_route=\/wp\/v2\/posts"}],"about":[{"href":"https:\/\/www.cinemasereno.it\/index.php?rest_route=\/wp\/v2\/types\/post"}],"author":[{"embeddable":true,"href":"https:\/\/www.cinemasereno.it\/index.php?rest_route=\/wp\/v2\/users\/1"}],"replies":[{"embeddable":true,"href":"https:\/\/www.cinemasereno.it\/index.php?rest_route=%2Fwp%2Fv2%2Fcomments&post=2403"}],"version-history":[{"count":1,"href":"https:\/\/www.cinemasereno.it\/index.php?rest_route=\/wp\/v2\/posts\/2403\/revisions"}],"predecessor-version":[{"id":2405,"href":"https:\/\/www.cinemasereno.it\/index.php?rest_route=\/wp\/v2\/posts\/2403\/revisions\/2405"}],"wp:featuredmedia":[{"embeddable":true,"href":"https:\/\/www.cinemasereno.it\/index.php?rest_route=\/wp\/v2\/media\/2404"}],"wp:attachment":[{"href":"https:\/\/www.cinemasereno.it\/index.php?rest_route=%2Fwp%2Fv2%2Fmedia&parent=2403"}],"wp:term":[{"taxonomy":"category","embeddable":true,"href":"https:\/\/www.cinemasereno.it\/index.php?rest_route=%2Fwp%2Fv2%2Fcategories&post=2403"},{"taxonomy":"post_tag","embeddable":true,"href":"https:\/\/www.cinemasereno.it\/index.php?rest_route=%2Fwp%2Fv2%2Ftags&post=2403"}],"curies":[{"name":"wp","href":"https:\/\/api.w.org\/{rel}","templated":true}]}}