{"id":2153,"date":"2021-12-01T11:50:32","date_gmt":"2021-12-01T10:50:32","guid":{"rendered":"http:\/\/www.cinemasereno.it\/?p=2153"},"modified":"2021-12-01T11:50:32","modified_gmt":"2021-12-01T10:50:32","slug":"france","status":"publish","type":"post","link":"https:\/\/www.cinemasereno.it\/?p=2153","title":{"rendered":"FRANCE"},"content":{"rendered":"<p><span style=\"color: #000000;\"><strong>SABATO 04\u00a0 DOMENICA 05\u00a0 LUNEDI\u2019 06\u00a0 MARTEDI&#8217; 07 DICEMBRE ORE 20,50<\/strong><\/span><\/p>\n<p><span style=\"color: #000000;\"><strong>FRANCE<br \/>\n<\/strong><\/span><span style=\"color: #000000;\"><strong><span class=\"YrbPuc WGKbId BBwThe\">Regia di:\u00a0<\/span><span class=\"wHYlTd z8gr9e\">Bruno Dumont\u00a0<\/span> Con: L\u00e9a Seydoux, Blanche Gardin, Benjamin Biolay, Emanuele Arioli, Juliane K\u00f6hler, Ga\u00ebtan Amiel, Jawad Zemmar, Marc Bettinelli<\/p>\n<p>(COMMEDIA &#8211; durata, 133&#8242; minuti)<br \/>\n<\/strong>FRANCIA, GERMANIA, ITALIA, BELGIO<\/span><br \/>\n<span style=\"color: #000000;\">Consigli per la visione di bambini e ragazzi:\u00a0\u00a0+ 13\u00a0<\/span><\/p>\n<p><span style=\"color: #000000;\">Interi 6\u20ac,\u00a0\u00a0\u00a0\u00a0SOCICOOP, SPICGIL 5\u20ac &#8211; \u00a0\u00a0\u00a0\u00a0Videoamici, 4\u20ac &#8211;<\/span><br \/>\n<span style=\"color: #000000;\"> Ridotti BAMBINI E RAGAZZI FINO A 17 ANNI \u00a02\u20ac<\/span><\/p>\n<p><span style=\"color: #000000;\">E\u2019 gradita e consigliata la prenotazione<\/span><br \/>\n<span style=\"color: #000000;\"> <a href=\"mailto:prenotazionicinemasereno@gmail.com\">prenotazionicinemasereno@gmail.com<br \/>\n<\/a>Oppure su WhatsApp 3534105256<\/span><\/p>\n<p><strong><span style=\"color: #000000;\">France de Meurs \u00e8 una stella del giornalismo che brilla su un canale di informazione e nei reportage sul Medioriente. Priva di scrupoli e di qualsiasi valore deontologico, gestisce la sua famiglia come la sua \u00e9quipe, con cinismo e je-m&#8217;en-foutisme. Ma un giorno tampona Baptiste, un povero diavolo che fa consegne a domicilio, e il suo piccolo circo mediatico collassa. La depressione \u00e8 dietro l&#8217;angolo, il congedo pure. France ripiega su una clinica privata e progetta la redenzione davanti alle montagne svizzere e tra le braccia di un amante occasionale.<\/span><\/strong><\/p>\n<p><iframe loading=\"lazy\" title=\"FRANCE | TRAILER UFFICIALE | DAL 21 OTTOBRE AL CINEMA\" width=\"790\" height=\"444\" src=\"https:\/\/www.youtube.com\/embed\/CX687K8Hb_U?feature=oembed\" frameborder=\"0\" allow=\"accelerometer; autoplay; clipboard-write; encrypted-media; gyroscope; picture-in-picture; web-share\" allowfullscreen><\/iframe><\/p>\n<p>&nbsp;<\/p>\n","protected":false},"excerpt":{"rendered":"<p>SABATO 04\u00a0 DOMENICA 05\u00a0 LUNEDI\u2019 [&hellip;]<\/p>\n","protected":false},"author":1,"featured_media":2154,"comment_status":"closed","ping_status":"closed","sticky":false,"template":"","format":"image","meta":{"footnotes":""},"categories":[3],"tags":[],"_links":{"self":[{"href":"https:\/\/www.cinemasereno.it\/index.php?rest_route=\/wp\/v2\/posts\/2153"}],"collection":[{"href":"https:\/\/www.cinemasereno.it\/index.php?rest_route=\/wp\/v2\/posts"}],"about":[{"href":"https:\/\/www.cinemasereno.it\/index.php?rest_route=\/wp\/v2\/types\/post"}],"author":[{"embeddable":true,"href":"https:\/\/www.cinemasereno.it\/index.php?rest_route=\/wp\/v2\/users\/1"}],"replies":[{"embeddable":true,"href":"https:\/\/www.cinemasereno.it\/index.php?rest_route=%2Fwp%2Fv2%2Fcomments&post=2153"}],"version-history":[{"count":1,"href":"https:\/\/www.cinemasereno.it\/index.php?rest_route=\/wp\/v2\/posts\/2153\/revisions"}],"predecessor-version":[{"id":2155,"href":"https:\/\/www.cinemasereno.it\/index.php?rest_route=\/wp\/v2\/posts\/2153\/revisions\/2155"}],"wp:featuredmedia":[{"embeddable":true,"href":"https:\/\/www.cinemasereno.it\/index.php?rest_route=\/wp\/v2\/media\/2154"}],"wp:attachment":[{"href":"https:\/\/www.cinemasereno.it\/index.php?rest_route=%2Fwp%2Fv2%2Fmedia&parent=2153"}],"wp:term":[{"taxonomy":"category","embeddable":true,"href":"https:\/\/www.cinemasereno.it\/index.php?rest_route=%2Fwp%2Fv2%2Fcategories&post=2153"},{"taxonomy":"post_tag","embeddable":true,"href":"https:\/\/www.cinemasereno.it\/index.php?rest_route=%2Fwp%2Fv2%2Ftags&post=2153"}],"curies":[{"name":"wp","href":"https:\/\/api.w.org\/{rel}","templated":true}]}}