{"id":2077,"date":"2021-09-20T13:15:51","date_gmt":"2021-09-20T11:15:51","guid":{"rendered":"http:\/\/www.cinemasereno.it\/?p=2077"},"modified":"2021-09-20T13:15:51","modified_gmt":"2021-09-20T11:15:51","slug":"il-matrimonio-di-rosa","status":"publish","type":"post","link":"https:\/\/www.cinemasereno.it\/?p=2077","title":{"rendered":"IL MATRIMONIO DI ROSA"},"content":{"rendered":"<p><strong>SABATO 25\u00a0<\/strong><strong>DOMENICA 26\u00a0 LUNEDI\u2019 27 SETTEMBRE ORE 20,50<\/strong><\/p>\n<p><strong>IL MATRIMONIO DI ROSA<\/strong><\/p>\n<p><strong>Un film di<\/strong><strong>: Ic\u00edar Bolla\u00edn<\/strong>\u00a0 <strong>con<\/strong><strong>:<\/strong><strong> \u00a0Candela Pe\u00f1a,\u00a0Sergi L\u00f3pez,\u00a0Nathalie Poza <\/strong><\/p>\n<p>Spagna, Francia,\u00a0\u00a02020\u00a0 Genere:\u00a0 commedia 97&#8242; minuti<br \/>\nConsigli per la visione di bambini e ragazzi:\u00a0\u00a0+ 13<\/p>\n<p><strong>Interi 6\u20ac,\u00a0\u00a0\u00a0\u00a0SOCICOOP, SPICGIL 5\u20ac &#8211; \u00a0\u00a0\u00a0\u00a0Videoamici, 4\u20ac &#8211;<br \/>\n<\/strong><strong>Ridotti BAMBINI E RAGAZZI FINO A 17 ANNI <\/strong><strong>\u00a02\u20ac<\/strong><\/p>\n<p><strong>E\u2019 gradita e consigliata la prenotazione<\/strong><br \/>\n<strong> <a href=\"mailto:prenotazionicinemasereno@gmail.com\">prenotazionicinemasereno@gmail.com<br \/>\n<\/a>Oppure su WhatsApp 3534105256<\/strong><\/p>\n<p>Rosa \u00e8 una sarta che lavora nel cinema e vive a Valencia. Ha una figlia che ha avuto due gemelli e si \u00e8 trasferita a Manchester ma non \u00e8 propriamente felice. Suo fratello, che si sta separando dalla moglie, le affida tutte le volte che pu\u00f2 i suoi figli mentre la sorella non ha tempo di occuparsi del loro anziano genitore che, tra l&#8217;altro, sta cos\u00ec bene con Rosa da voler lasciare la propria abitazione per andare a vivere insieme. Lei non regge pi\u00f9 il carico e decide di lasciare la citt\u00e0 per andare a riaprire il laboratorio di sartoria che fu di sua madre in una cittadina di provincia. Inoltre vuole sposarsi con la persona che ha deciso di amare di pi\u00f9.<\/p>\n<p><iframe loading=\"lazy\" title=\"Il matrimonio di Rosa (2021): Trailer ITA del Film - HD\" width=\"790\" height=\"444\" src=\"https:\/\/www.youtube.com\/embed\/xYBUe_Td0PE?feature=oembed\" frameborder=\"0\" allow=\"accelerometer; autoplay; clipboard-write; encrypted-media; gyroscope; picture-in-picture; web-share\" allowfullscreen><\/iframe><\/p>\n","protected":false},"excerpt":{"rendered":"<p>SABATO 25\u00a0DOMENICA 26\u00a0 LUNEDI\u2019 27 [&hellip;]<\/p>\n","protected":false},"author":1,"featured_media":2078,"comment_status":"closed","ping_status":"closed","sticky":false,"template":"","format":"image","meta":{"footnotes":""},"categories":[3],"tags":[],"_links":{"self":[{"href":"https:\/\/www.cinemasereno.it\/index.php?rest_route=\/wp\/v2\/posts\/2077"}],"collection":[{"href":"https:\/\/www.cinemasereno.it\/index.php?rest_route=\/wp\/v2\/posts"}],"about":[{"href":"https:\/\/www.cinemasereno.it\/index.php?rest_route=\/wp\/v2\/types\/post"}],"author":[{"embeddable":true,"href":"https:\/\/www.cinemasereno.it\/index.php?rest_route=\/wp\/v2\/users\/1"}],"replies":[{"embeddable":true,"href":"https:\/\/www.cinemasereno.it\/index.php?rest_route=%2Fwp%2Fv2%2Fcomments&post=2077"}],"version-history":[{"count":1,"href":"https:\/\/www.cinemasereno.it\/index.php?rest_route=\/wp\/v2\/posts\/2077\/revisions"}],"predecessor-version":[{"id":2079,"href":"https:\/\/www.cinemasereno.it\/index.php?rest_route=\/wp\/v2\/posts\/2077\/revisions\/2079"}],"wp:featuredmedia":[{"embeddable":true,"href":"https:\/\/www.cinemasereno.it\/index.php?rest_route=\/wp\/v2\/media\/2078"}],"wp:attachment":[{"href":"https:\/\/www.cinemasereno.it\/index.php?rest_route=%2Fwp%2Fv2%2Fmedia&parent=2077"}],"wp:term":[{"taxonomy":"category","embeddable":true,"href":"https:\/\/www.cinemasereno.it\/index.php?rest_route=%2Fwp%2Fv2%2Fcategories&post=2077"},{"taxonomy":"post_tag","embeddable":true,"href":"https:\/\/www.cinemasereno.it\/index.php?rest_route=%2Fwp%2Fv2%2Ftags&post=2077"}],"curies":[{"name":"wp","href":"https:\/\/api.w.org\/{rel}","templated":true}]}}