{"id":2044,"date":"2021-07-30T15:06:28","date_gmt":"2021-07-30T13:06:28","guid":{"rendered":"http:\/\/www.cinemasereno.it\/?p=2044"},"modified":"2021-07-30T15:06:28","modified_gmt":"2021-07-30T13:06:28","slug":"crescendo","status":"publish","type":"post","link":"https:\/\/www.cinemasereno.it\/?p=2044","title":{"rendered":"CRESCENDO"},"content":{"rendered":"<p><span style=\"color: #000000;\"><strong>CINEMA SERENO ALL&#8217;APERTO<br \/>\n<\/strong><strong><br \/>\n<\/strong><strong>MERCOLEDI&#8217;\u00a0 04\u00a0 AGOSTO 2021 ore 21,30<\/strong><\/span><br \/>\n<span style=\"color: #000000;\"> <strong>CRESCENDO<\/strong><\/span><br \/>\n<span style=\"color: #000000;\"> <strong>Regia : Dror Zahavi,<br \/>\ncon<span style=\"color: #000000;\">\u00a0<a title=\"Peter Simonischek\" href=\"https:\/\/www.comingsoon.it\/personaggi\/peter-simonischek\/95908\/biografia\/\">Peter Simonischek<\/a>,\u00a0<a title=\"Daniel Donskoy\" href=\"https:\/\/www.comingsoon.it\/personaggi\/daniel-donskoy\/270964\/biografia\/\">Daniel Donskoy<\/a>,\u00a0<a title=\"G\u00f6tz Otto\" href=\"https:\/\/www.comingsoon.it\/personaggi\/gotz-otto\/108776\/biografia\/\">G\u00f6tz Otto<\/a>,\u00a0<a title=\"Bibiana Beglau\" href=\"https:\/\/www.comingsoon.it\/personaggi\/bibiana-beglau\/146586\/biografia\/\">Bibiana Beglau<\/a>,\u00a0<a title=\"Mehdi Meskar\" href=\"https:\/\/www.comingsoon.it\/personaggi\/mehdi-meskar\/245271\/biografia\/\">Mehdi Meskar<\/a>,\u00a0<a title=\"Sabrina Amali\" href=\"https:\/\/www.comingsoon.it\/personaggi\/sabrina-amali\/270965\/biografia\/\">Sabrina Amali<\/a>,\u00a0<a title=\"Hitham Omari\" href=\"https:\/\/www.comingsoon.it\/personaggi\/hitham-omari\/270966\/biografia\/\">Hitham Omari<\/a>,\u00a0<a title=\"Eyan Pinkovitch\" href=\"https:\/\/www.comingsoon.it\/personaggi\/eyan-pinkovitch\/270967\/biografia\/\">Eyan Pinkovitch<\/a>,\u00a0<a title=\"Maya Gorkin\" href=\"https:\/\/www.comingsoon.it\/personaggi\/maya-gorkin\/270968\/biografia\/\">Maya Gorkin<\/a>,\u00a0<a title=\"Uri Elkayam\" href=\"https:\/\/www.comingsoon.it\/personaggi\/uri-elkayam\/270969\/biografia\/\">Uri Elkayam<\/a><\/span><\/strong><\/span><\/p>\n<p><span style=\"color: #000000;\">Germania,\u00a0 2019\u00a0 Genere:\u00a0\u00a0drammatico ,\u00a0 102&#8242; minuti<\/span><br \/>\n<span style=\"color: #000000;\"> Consigli per la visione di bambini e ragazzi:\u00a0\u00a0+13<\/span><\/p>\n<p><span style=\"color: #000000;\"><strong>Interi: 5\u20ac &#8211;\u00a0\u00a0\u00a0\u00a0\u00a0TESSERATI VIDEOAMICI 4\u20ac &#8211;\u00a0\u00a0 RIDOTTI 4\u20ac<br \/>\n<\/strong>E\u2019 gradita e consigliata la prenotazione<\/span><br \/>\n<span style=\"color: #000000;\"> <a href=\"mailto:prenotazionicinemasereno@gmail.com\">prenotazionicinemasereno@gmail.com<br \/>\n<\/a>Oppure su WhatsApp <strong>3534105256<\/strong><\/span><\/p>\n<p><span style=\"color: #000000;\">Eduard Sporck, direttore d&#8217;orchestra di importanza mondiale riceve ed accetta la proposta di costituire un&#8217;orchestra formata da giovani musicisti israeliani e palestinesi con l&#8217;obiettivo di realizzare un concerto. L&#8217;impresa, gi\u00e0 difficile sulla carta, si dimostra ancor pi\u00f9 complessa nella realt\u00e0 perch\u00e9 il confronto \u00e8 da subito molto duro. In particolare i due pi\u00f9 talentuosi musicisti, la palestinese Layla e l&#8217;israeliano Ron non si risparmiano attacchi. Sporck decide di trasferire tutto l&#8217;ensemble in Alto Adige, un luogo che ha segnato la sua vicenda personale, e l\u00ec tentare di proseguire le prove.<\/span><\/p>\n<p><iframe loading=\"lazy\" title=\"CRESCENDO | Trailer italiano del film di Dror Zahavi\" width=\"790\" height=\"444\" src=\"https:\/\/www.youtube.com\/embed\/LviVS-62L3Q?feature=oembed\" frameborder=\"0\" allow=\"accelerometer; autoplay; clipboard-write; encrypted-media; gyroscope; picture-in-picture; web-share\" allowfullscreen><\/iframe><\/p>\n","protected":false},"excerpt":{"rendered":"<p>CINEMA SERENO ALL&#8217;APERTO MERCOLEDI&#8217;\u00a0 04\u00a0 [&hellip;]<\/p>\n","protected":false},"author":1,"featured_media":2045,"comment_status":"closed","ping_status":"closed","sticky":false,"template":"","format":"image","meta":{"footnotes":""},"categories":[3],"tags":[],"_links":{"self":[{"href":"https:\/\/www.cinemasereno.it\/index.php?rest_route=\/wp\/v2\/posts\/2044"}],"collection":[{"href":"https:\/\/www.cinemasereno.it\/index.php?rest_route=\/wp\/v2\/posts"}],"about":[{"href":"https:\/\/www.cinemasereno.it\/index.php?rest_route=\/wp\/v2\/types\/post"}],"author":[{"embeddable":true,"href":"https:\/\/www.cinemasereno.it\/index.php?rest_route=\/wp\/v2\/users\/1"}],"replies":[{"embeddable":true,"href":"https:\/\/www.cinemasereno.it\/index.php?rest_route=%2Fwp%2Fv2%2Fcomments&post=2044"}],"version-history":[{"count":1,"href":"https:\/\/www.cinemasereno.it\/index.php?rest_route=\/wp\/v2\/posts\/2044\/revisions"}],"predecessor-version":[{"id":2046,"href":"https:\/\/www.cinemasereno.it\/index.php?rest_route=\/wp\/v2\/posts\/2044\/revisions\/2046"}],"wp:featuredmedia":[{"embeddable":true,"href":"https:\/\/www.cinemasereno.it\/index.php?rest_route=\/wp\/v2\/media\/2045"}],"wp:attachment":[{"href":"https:\/\/www.cinemasereno.it\/index.php?rest_route=%2Fwp%2Fv2%2Fmedia&parent=2044"}],"wp:term":[{"taxonomy":"category","embeddable":true,"href":"https:\/\/www.cinemasereno.it\/index.php?rest_route=%2Fwp%2Fv2%2Fcategories&post=2044"},{"taxonomy":"post_tag","embeddable":true,"href":"https:\/\/www.cinemasereno.it\/index.php?rest_route=%2Fwp%2Fv2%2Ftags&post=2044"}],"curies":[{"name":"wp","href":"https:\/\/api.w.org\/{rel}","templated":true}]}}