{"id":1577,"date":"2019-05-19T11:23:59","date_gmt":"2019-05-19T09:23:59","guid":{"rendered":"http:\/\/www.cinemasereno.it\/?p=1577"},"modified":"2019-05-19T11:23:59","modified_gmt":"2019-05-19T09:23:59","slug":"tutti-pazzi-a-tel-aviv","status":"publish","type":"post","link":"https:\/\/www.cinemasereno.it\/?p=1577","title":{"rendered":"TUTTI PAZZI A TEL AVIV"},"content":{"rendered":"<p><span style=\"color: #000000;\"><strong>MERCOLEDI&#8217;\u00a012\u00a0&#8211; GIOVEDI&#8217;\u00a013\u00a0\u00a0\u00a0\u00a0\u00a0 GIUGNO 2019 ore 20,50<\/strong><\/span><\/p>\n<p><span style=\"color: #000000;\"><strong><span style=\"color: #ff00ff;\">CINEMA SERENO ESTATE<\/span><br \/>\nTUTTI PAZZI A TEL AVIV<\/strong><\/span><\/p>\n<p><span style=\"color: #000000;\"><strong>Regia:\u00a0SAMEH ZOABI<br \/>\ncon Kais Nashif, Lubna Azabal, Yaniv Biton, Nadim Sawalha,\u00a0Maisa Abd Elhadi<\/strong><strong><br \/>\nLussemburgo, Francia, Belgio, Israele \u00a02018\u00a0\u00a0 commedia, 97&#8242; minuti<br \/>\nVisione consigliata:\u00a0+13<br \/>\n<\/strong><strong>Interi 6\u20ac, \u00a0SOCICOOP, SPICGIL 5\u20ac &#8211; Videoamici, 4\u20ac &#8211;<br \/>\n<\/strong><strong>Ridotti BAMBINI E RAGAZZI FINO A 17 ANNI <\/strong><strong>\u00a02\u20ac<\/strong><\/span><\/p>\n<p align=\"LEFT\"><span style=\"color: #000000;\"><strong>Salam \u00e8 un trentenne che vive a Gerusalemme e lavora a Ramallah. \u00c8 stato assunto da poco da uno zio come stagista sul set di una famosa soap opera palestinese, <em>Tel Aviv on Fire<\/em>. Ogni giorno, per raggiungere lo studio televisivo, deve passare dal rigido checkpoint israeliano, sorvegliato dalla squadra di militari del comandante Assi. Poich\u00e9 la moglie di Assi \u00e8 una grande fan della serie televisiva, e Salam si \u00e8 spacciato per sceneggiatore, Assi esige di farsi coinvolgere personalmente nella stesura della storia. In un primo tempo, la carriera di Salam ne beneficia, al punto che viene realmente assunto per scrivere il seguito, peccato, per\u00f2, che l&#8217;ufficiale israeliano e i finanziatori arabi non intendano il finale nello stesso modo. <\/strong><\/span><\/p>\n<p><iframe loading=\"lazy\" title=\"Tutti pazzi a Tel Aviv - Trailer ufficiale italiano\" width=\"790\" height=\"444\" src=\"https:\/\/www.youtube.com\/embed\/S9CXNzC3_eo?feature=oembed\" frameborder=\"0\" allow=\"accelerometer; autoplay; clipboard-write; encrypted-media; gyroscope; picture-in-picture; web-share\" allowfullscreen><\/iframe><\/p>\n","protected":false},"excerpt":{"rendered":"<p>MERCOLEDI&#8217;\u00a012\u00a0&#8211; GIOVEDI&#8217;\u00a013\u00a0\u00a0\u00a0\u00a0\u00a0 GIUGNO 2019 ore [&hellip;]<\/p>\n","protected":false},"author":1,"featured_media":1578,"comment_status":"closed","ping_status":"closed","sticky":false,"template":"","format":"image","meta":{"footnotes":""},"categories":[3],"tags":[],"_links":{"self":[{"href":"https:\/\/www.cinemasereno.it\/index.php?rest_route=\/wp\/v2\/posts\/1577"}],"collection":[{"href":"https:\/\/www.cinemasereno.it\/index.php?rest_route=\/wp\/v2\/posts"}],"about":[{"href":"https:\/\/www.cinemasereno.it\/index.php?rest_route=\/wp\/v2\/types\/post"}],"author":[{"embeddable":true,"href":"https:\/\/www.cinemasereno.it\/index.php?rest_route=\/wp\/v2\/users\/1"}],"replies":[{"embeddable":true,"href":"https:\/\/www.cinemasereno.it\/index.php?rest_route=%2Fwp%2Fv2%2Fcomments&post=1577"}],"version-history":[{"count":1,"href":"https:\/\/www.cinemasereno.it\/index.php?rest_route=\/wp\/v2\/posts\/1577\/revisions"}],"predecessor-version":[{"id":1579,"href":"https:\/\/www.cinemasereno.it\/index.php?rest_route=\/wp\/v2\/posts\/1577\/revisions\/1579"}],"wp:featuredmedia":[{"embeddable":true,"href":"https:\/\/www.cinemasereno.it\/index.php?rest_route=\/wp\/v2\/media\/1578"}],"wp:attachment":[{"href":"https:\/\/www.cinemasereno.it\/index.php?rest_route=%2Fwp%2Fv2%2Fmedia&parent=1577"}],"wp:term":[{"taxonomy":"category","embeddable":true,"href":"https:\/\/www.cinemasereno.it\/index.php?rest_route=%2Fwp%2Fv2%2Fcategories&post=1577"},{"taxonomy":"post_tag","embeddable":true,"href":"https:\/\/www.cinemasereno.it\/index.php?rest_route=%2Fwp%2Fv2%2Ftags&post=1577"}],"curies":[{"name":"wp","href":"https:\/\/api.w.org\/{rel}","templated":true}]}}