{"id":1440,"date":"2019-02-10T16:17:19","date_gmt":"2019-02-10T15:17:19","guid":{"rendered":"http:\/\/www.cinemasereno.it\/?p=1440"},"modified":"2019-02-10T17:26:58","modified_gmt":"2019-02-10T16:26:58","slug":"1440","status":"publish","type":"post","link":"https:\/\/www.cinemasereno.it\/?p=1440","title":{"rendered":"IL MIO CAPOLAVORO"},"content":{"rendered":"<p><span style=\"color: #000000;\">CINEMA SERENO<\/span><\/p>\n<p><span style=\"color: #000000;\">GIOVEDI&#8217; 14 VENERDI&#8217;\u00a015\u00a0DOMENICA\u00a017 LUNEDI&#8217;\u00a018\u00a0\u00a0FEBBRAIO 2019\u00a0ore 20,50<\/span><br \/>\n<span style=\"color: #000000;\">\u00a0IL MIO CAPOLAVORO<\/span><br \/>\n<span style=\"color: #000000;\"> di\u00a0GASTON DUPRAT<\/span><br \/>\n<span style=\"color: #000000;\"> con: Guillermo Francella, Luis Brandoni, Ra\u00f9l Ar\u00e9vado, Andrea Frigerio, Maria Soldi<\/span><\/p>\n<p><span style=\"color: #000000;\">Spagna, Argentina\u00a0\u00a02018\u00a0 Genere: Commedia\u00a0\u00a0100&#8242; minuti<\/span><br \/>\n<span style=\"color: #000000;\"> Consigli per la visione di bambini e ragazzi:\u00a0+ 13<\/span><\/p>\n<p><span style=\"color: #000000;\"><strong>Interi 6\u20ac, \u00a0\u00a0\u00a0\u00a0SOCICOOP, SPICGIL 5\u20ac &#8211; \u00a0\u00a0\u00a0\u00a0Videoamici, 4\u20ac &#8211;<br \/>\n<\/strong><strong>Ridotti BAMBINI E RAGAZZI FINO A 17 ANNI <\/strong><strong>\u00a02\u20ac<\/strong><\/span><\/p>\n<p><span style=\"color: #000000;\">&#8220;Vendo opere d&#8217;arte, e il mio segreto \u00e8 che sono un assassino&#8221;. Cos\u00ec si presenta a noi Arturo Silva, gallerista e commerciante d&#8217;arte contemporanea innamorato della sua Buenos Aires, prima di raccontarci a ritroso la sua storia. L&#8217;amico del cuore di Arturo \u00e8 Renzo Nervi, un pittore che negli anni Ottanta aveva raggiunto un grande successo, ma ora \u00e8 caduto in disgrazia per via del suo carattere impossibile. Renzo \u00e8 un ubriacone e un donnaiolo, vive nel degrado e nella sporcizia, non si interessa al denaro e campa di espedienti, togliendosi il gusto di insultare chiunque non gli vada a genio &#8211; cio\u00e8 praticamente tutti. Ma come Buenos Aires, sono i suoi difetti a renderlo amabile agli occhi di Arturo. Quando per\u00f2 un incidente confina Renzo in ospedale privandolo temporaneamente della memoria, il pittore chiede all&#8217;amico di toglierlo perpetuamente dalla sua miseria esistenziale. Quale decisione prender\u00e0 il gallerista? <\/span><\/p>\n<p><iframe loading=\"lazy\" title=\"Il mio capolavoro - 2019 - Trailer ufficiale italiano\" width=\"790\" height=\"444\" src=\"https:\/\/www.youtube.com\/embed\/o3azcP2_4II?feature=oembed\" frameborder=\"0\" allow=\"accelerometer; autoplay; clipboard-write; encrypted-media; gyroscope; picture-in-picture; web-share\" allowfullscreen><\/iframe><\/p>\n","protected":false},"excerpt":{"rendered":"<p>CINEMA SERENO GIOVEDI&#8217; 14 VENERDI&#8217;\u00a015\u00a0DOMENICA\u00a017 [&hellip;]<\/p>\n","protected":false},"author":1,"featured_media":1441,"comment_status":"closed","ping_status":"closed","sticky":false,"template":"","format":"image","meta":{"footnotes":""},"categories":[3],"tags":[],"_links":{"self":[{"href":"https:\/\/www.cinemasereno.it\/index.php?rest_route=\/wp\/v2\/posts\/1440"}],"collection":[{"href":"https:\/\/www.cinemasereno.it\/index.php?rest_route=\/wp\/v2\/posts"}],"about":[{"href":"https:\/\/www.cinemasereno.it\/index.php?rest_route=\/wp\/v2\/types\/post"}],"author":[{"embeddable":true,"href":"https:\/\/www.cinemasereno.it\/index.php?rest_route=\/wp\/v2\/users\/1"}],"replies":[{"embeddable":true,"href":"https:\/\/www.cinemasereno.it\/index.php?rest_route=%2Fwp%2Fv2%2Fcomments&post=1440"}],"version-history":[{"count":3,"href":"https:\/\/www.cinemasereno.it\/index.php?rest_route=\/wp\/v2\/posts\/1440\/revisions"}],"predecessor-version":[{"id":1444,"href":"https:\/\/www.cinemasereno.it\/index.php?rest_route=\/wp\/v2\/posts\/1440\/revisions\/1444"}],"wp:featuredmedia":[{"embeddable":true,"href":"https:\/\/www.cinemasereno.it\/index.php?rest_route=\/wp\/v2\/media\/1441"}],"wp:attachment":[{"href":"https:\/\/www.cinemasereno.it\/index.php?rest_route=%2Fwp%2Fv2%2Fmedia&parent=1440"}],"wp:term":[{"taxonomy":"category","embeddable":true,"href":"https:\/\/www.cinemasereno.it\/index.php?rest_route=%2Fwp%2Fv2%2Fcategories&post=1440"},{"taxonomy":"post_tag","embeddable":true,"href":"https:\/\/www.cinemasereno.it\/index.php?rest_route=%2Fwp%2Fv2%2Ftags&post=1440"}],"curies":[{"name":"wp","href":"https:\/\/api.w.org\/{rel}","templated":true}]}}