{"id":1215,"date":"2018-09-23T17:27:30","date_gmt":"2018-09-23T15:27:30","guid":{"rendered":"http:\/\/www.cinemasereno.it\/?p=1215"},"modified":"2018-09-23T17:27:30","modified_gmt":"2018-09-23T15:27:30","slug":"lincredibile-viaggio-del-fachiro","status":"publish","type":"post","link":"https:\/\/www.cinemasereno.it\/?p=1215","title":{"rendered":"L&#8217;INCREDIBILE VIAGGIO DEL FACHIRO"},"content":{"rendered":"<p>CINEMA SERENO<\/p>\n<p>SABATO\u00a029\u00a0DOMENICA\u00a030 LUNEDI&#8217;\u00a01\u00a0\u00a0Settembre ore 20,50<br \/>\nL&#8217;INCREDIBILE VIAGGIO DEL FACHIRO<\/p>\n<p>di\u00a0KEN SCOTT II<br \/>\ncon: Dhanush, B\u00e9r\u00e9nice Bejo, Erin Moriarty, Barkhad Abdi, G\u00e9rard Junot<\/p>\n<p>Francia, USA\u00a02018\u00a0 Genere: Commedia, 92&#8242; minuti<\/p>\n<p>Consigli per la visione di bambini e ragazzi:\u00a0PER TUTTI<\/p>\n<p>Un viaggio rocambolesco che tracima allegria e voglia di sognare, senza sconfinare nel sentimentalismi.<br \/>\nTre ragazzini indiani sono sul punto di entrare in riformatorio quando un giovane uomo arriva al commissariato e comincia a raccontare ai ragazzini la storia della sua vita. Aja \u00e8 stato un bambino poverissimo a Mumbai e ha imparato tutti i trucchi per ingannare il prossimo, nella doppia veste di illusionista e di ladruncolo. Il sogno di sua madre era andare a Parigi, il suo quello di entrare in un negozio dell&#8217;Ikea e vedere con i propri occhi la mobilia fantastica i cui nomi impronunciabili ha imparato dal catalogo. Finalmente Aja riesce a mettere insieme le due cose e nel negozio Ikea di Parigi incontra anche una bella ragazza americana della quale si innamora a prima vista.<\/p>\n<p><iframe loading=\"lazy\" title=\"L&#039;INCREDIBILE VIAGGIO DEL FACHIRO  | Trailer Italiano - Ken Scott\" width=\"790\" height=\"444\" src=\"https:\/\/www.youtube.com\/embed\/_nmvId1xi00?feature=oembed\" frameborder=\"0\" allow=\"accelerometer; autoplay; clipboard-write; encrypted-media; gyroscope; picture-in-picture; web-share\" allowfullscreen><\/iframe><\/p>\n","protected":false},"excerpt":{"rendered":"<p>CINEMA SERENO SABATO\u00a029\u00a0DOMENICA\u00a030 LUNEDI&#8217;\u00a01\u00a0\u00a0Settembre ore [&hellip;]<\/p>\n","protected":false},"author":1,"featured_media":1216,"comment_status":"closed","ping_status":"closed","sticky":false,"template":"","format":"image","meta":{"footnotes":""},"categories":[3],"tags":[],"_links":{"self":[{"href":"https:\/\/www.cinemasereno.it\/index.php?rest_route=\/wp\/v2\/posts\/1215"}],"collection":[{"href":"https:\/\/www.cinemasereno.it\/index.php?rest_route=\/wp\/v2\/posts"}],"about":[{"href":"https:\/\/www.cinemasereno.it\/index.php?rest_route=\/wp\/v2\/types\/post"}],"author":[{"embeddable":true,"href":"https:\/\/www.cinemasereno.it\/index.php?rest_route=\/wp\/v2\/users\/1"}],"replies":[{"embeddable":true,"href":"https:\/\/www.cinemasereno.it\/index.php?rest_route=%2Fwp%2Fv2%2Fcomments&post=1215"}],"version-history":[{"count":1,"href":"https:\/\/www.cinemasereno.it\/index.php?rest_route=\/wp\/v2\/posts\/1215\/revisions"}],"predecessor-version":[{"id":1217,"href":"https:\/\/www.cinemasereno.it\/index.php?rest_route=\/wp\/v2\/posts\/1215\/revisions\/1217"}],"wp:featuredmedia":[{"embeddable":true,"href":"https:\/\/www.cinemasereno.it\/index.php?rest_route=\/wp\/v2\/media\/1216"}],"wp:attachment":[{"href":"https:\/\/www.cinemasereno.it\/index.php?rest_route=%2Fwp%2Fv2%2Fmedia&parent=1215"}],"wp:term":[{"taxonomy":"category","embeddable":true,"href":"https:\/\/www.cinemasereno.it\/index.php?rest_route=%2Fwp%2Fv2%2Fcategories&post=1215"},{"taxonomy":"post_tag","embeddable":true,"href":"https:\/\/www.cinemasereno.it\/index.php?rest_route=%2Fwp%2Fv2%2Ftags&post=1215"}],"curies":[{"name":"wp","href":"https:\/\/api.w.org\/{rel}","templated":true}]}}